{"id":657,"date":"2018-04-24T00:24:00","date_gmt":"2018-04-24T00:24:00","guid":{"rendered":"https:\/\/openkitchen.com.br\/eventos-no-itaim-gastronomia\/?p=657"},"modified":"2024-05-21T15:06:32","modified_gmt":"2024-05-21T18:06:32","slug":"private-nights-o-dashi-tsuyoshi-murakami","status":"publish","type":"post","link":"https:\/\/openkitchen.com.br\/eventos-no-itaim-gastronomia\/private-nights-o-dashi-tsuyoshi-murakami\/","title":{"rendered":"Murakami &#8211; Private Nights | Open Kitchen"},"content":{"rendered":"<h1>O dashi e a dignidade da sua hist\u00f3ria &#8211; Tsuyoshi Murakami<\/h1>\n<p><strong>\u00a0<\/strong><\/p>\n<div style=\"width: 800px;\" class=\"wp-video\"><!--[if lt IE 9]><script>document.createElement('video');<\/script><![endif]-->\n<video class=\"wp-video-shortcode\" id=\"video-657-1\" width=\"800\" height=\"450\" poster=\"https:\/\/openkitchen.com.br\/eventos-no-itaim-gastronomia\/wp-content\/uploads\/2018\/04\/O_Dashi_MURAKAMI_OpenKitchen_V01-m4v-image.jpg\" preload=\"metadata\" controls=\"controls\"><source type=\"video\/mp4\" src=\"https:\/\/openkitchen.com.br\/eventos-no-itaim-gastronomia\/wp-content\/uploads\/2018\/04\/O_Dashi_MURAKAMI_OpenKitchen_V01.m4v?_=1\" \/><a href=\"https:\/\/openkitchen.com.br\/eventos-no-itaim-gastronomia\/wp-content\/uploads\/2018\/04\/O_Dashi_MURAKAMI_OpenKitchen_V01.m4v\">https:\/\/openkitchen.com.br\/eventos-no-itaim-gastronomia\/wp-content\/uploads\/2018\/04\/O_Dashi_MURAKAMI_OpenKitchen_V01.m4v<\/a><\/video><\/div>\n<h1><img fetchpriority=\"high\" decoding=\"async\" class=\"alignnone size-large wp-image-658\" src=\"https:\/\/openkitchen.com.br\/eventos-no-itaim-gastronomia\/wp-content\/uploads\/2018\/04\/MurakamiOFICIAL01_OPENKITCHEN-1024x580.jpg\" alt=\"private nights murakami\" width=\"1000\" height=\"566\" srcset=\"https:\/\/openkitchen.com.br\/eventos-no-itaim-gastronomia\/wp-content\/uploads\/2018\/04\/MurakamiOFICIAL01_OPENKITCHEN-1024x580.jpg 1024w, https:\/\/openkitchen.com.br\/eventos-no-itaim-gastronomia\/wp-content\/uploads\/2018\/04\/MurakamiOFICIAL01_OPENKITCHEN-300x170.jpg 300w, https:\/\/openkitchen.com.br\/eventos-no-itaim-gastronomia\/wp-content\/uploads\/2018\/04\/MurakamiOFICIAL01_OPENKITCHEN-768x435.jpg 768w, https:\/\/openkitchen.com.br\/eventos-no-itaim-gastronomia\/wp-content\/uploads\/2018\/04\/MurakamiOFICIAL01_OPENKITCHEN-530x300.jpg 530w, https:\/\/openkitchen.com.br\/eventos-no-itaim-gastronomia\/wp-content\/uploads\/2018\/04\/MurakamiOFICIAL01_OPENKITCHEN.jpg 1440w\" sizes=\"(max-width: 1000px) 100vw, 1000px\" \/><\/h1>\n<p>Realizado h\u00e1 alguns anos, este evento com o chef Tsuyoshi Murakami foi mais uma grande experi\u00eancia\u00a0 de sucesso que aconteceu na nossa casa.<\/p>\n<p>A tradi\u00e7\u00e3o da culin\u00e1ria \u00a0milenar foi compartilhada de maneira exclusiva pelas m\u00e3os de um grande mestre.<\/p>\n<p>Murakami ofereceu uma sequ\u00eancia de pratos especialmente preparados para a ocasi\u00e3o.<\/p>\n<p><img decoding=\"async\" class=\"alignnone size-large wp-image-660\" src=\"https:\/\/openkitchen.com.br\/eventos-no-itaim-gastronomia\/wp-content\/uploads\/2018\/04\/Dashi_knife_OpenKitchen-1024x640.jpg\" alt=\"faca murakami\" width=\"1000\" height=\"625\" srcset=\"https:\/\/openkitchen.com.br\/eventos-no-itaim-gastronomia\/wp-content\/uploads\/2018\/04\/Dashi_knife_OpenKitchen-1024x640.jpg 1024w, https:\/\/openkitchen.com.br\/eventos-no-itaim-gastronomia\/wp-content\/uploads\/2018\/04\/Dashi_knife_OpenKitchen-300x188.jpg 300w, https:\/\/openkitchen.com.br\/eventos-no-itaim-gastronomia\/wp-content\/uploads\/2018\/04\/Dashi_knife_OpenKitchen-768x480.jpg 768w, https:\/\/openkitchen.com.br\/eventos-no-itaim-gastronomia\/wp-content\/uploads\/2018\/04\/Dashi_knife_OpenKitchen-480x300.jpg 480w, https:\/\/openkitchen.com.br\/eventos-no-itaim-gastronomia\/wp-content\/uploads\/2018\/04\/Dashi_knife_OpenKitchen.jpg 1440w\" sizes=\"(max-width: 1000px) 100vw, 1000px\" \/><\/p>\n<p>Um nobre card\u00e1pio que foi revelado em 06 etapas impec\u00e1veis.<\/p>\n<p>Uma experi\u00eancia \u00fanica onde os participantes ficaram cara a cara com um dos chefs mais premiados da Am\u00e9rica Latina como se estivessem em casa.\u00a0 Arte que alimenta a alma e o paladar em menu que respeita os ingredientes em seu auge de sabor.<\/p>\n<p><img decoding=\"async\" class=\"alignnone size-large wp-image-659\" src=\"https:\/\/openkitchen.com.br\/eventos-no-itaim-gastronomia\/wp-content\/uploads\/2018\/04\/Dashi_Elementos_OpenKitchen-1024x683.jpg\" alt=\"murakami\" width=\"1000\" height=\"667\" srcset=\"https:\/\/openkitchen.com.br\/eventos-no-itaim-gastronomia\/wp-content\/uploads\/2018\/04\/Dashi_Elementos_OpenKitchen-1024x683.jpg 1024w, https:\/\/openkitchen.com.br\/eventos-no-itaim-gastronomia\/wp-content\/uploads\/2018\/04\/Dashi_Elementos_OpenKitchen-300x200.jpg 300w, https:\/\/openkitchen.com.br\/eventos-no-itaim-gastronomia\/wp-content\/uploads\/2018\/04\/Dashi_Elementos_OpenKitchen-768x512.jpg 768w, https:\/\/openkitchen.com.br\/eventos-no-itaim-gastronomia\/wp-content\/uploads\/2018\/04\/Dashi_Elementos_OpenKitchen-960x640.jpg 960w, https:\/\/openkitchen.com.br\/eventos-no-itaim-gastronomia\/wp-content\/uploads\/2018\/04\/Dashi_Elementos_OpenKitchen-450x300.jpg 450w\" sizes=\"(max-width: 1000px) 100vw, 1000px\" \/><\/p>\n<p>foram muitas\u00a0 hist\u00f3rias&#8230;<\/p>\n<p><strong>A experi\u00eancia aconteceu em 2 noites no ano de 2018<\/strong><\/p>\n<p>PRIVATE NIGHTS: experi\u00eancias in\u00e9ditas\u00a0criadas\u00a0pela\u00a0Open Kitchen que colocam os grandes chefs da alta gastronomia nacional e internacional cara a cara com os participantes em jantares especiais. Ser\u00e3o sempre eventos exclusivos com poucas vagas. Acompanhe nossas redes e cadastre-se para ser informado destes acontecimentos hist\u00f3ricos da gastronomia.<\/p>\n<p>Marcas e Parceiros: a Open Kitchen\u00a0privilegia rela\u00e7\u00f5es transparentes e de longo prazo com diversas empresas e marcas do\u00a0segmento\u00a0de gastronomia. Se voc\u00ea tem interesse em se envolver com nossas experi\u00eancias, fomentar a rela\u00e7\u00e3o das pessoas com o ato de cozinhar e ativar produtos e ideias, entre em contato conosco &#8211; contato@openkitchen.com.br<\/p>\n","protected":false},"excerpt":{"rendered":"<p>O dashi e a dignidade da sua hist\u00f3ria &#8211; Tsuyoshi Murakami \u00a0 Realizado h\u00e1 alguns anos, este evento com o chef Tsuyoshi Murakami foi mais uma grande experi\u00eancia\u00a0 de sucesso que aconteceu na nossa casa. A tradi\u00e7\u00e3o da culin\u00e1ria \u00a0milenar foi compartilhada de maneira exclusiva pelas m\u00e3os de um grande mestre. Murakami ofereceu uma sequ\u00eancia [&hellip;]<\/p>\n","protected":false},"author":2,"featured_media":663,"comment_status":"closed","ping_status":"open","sticky":false,"template":"","format":"standard","meta":{"footnotes":""},"categories":[6,3,5,4],"tags":[],"class_list":["post-657","post","type-post","status-publish","format-standard","has-post-thumbnail","hentry","category-conteudo-open-kitchen","category-conceito-open-kitchen","category-eventos-open-kitchen-2","category-eventos-open-kitchen"],"jetpack_featured_media_url":"https:\/\/openkitchen.com.br\/eventos-no-itaim-gastronomia\/wp-content\/uploads\/2018\/04\/MURAKAMI_SITE.jpg","_links":{"self":[{"href":"https:\/\/openkitchen.com.br\/eventos-no-itaim-gastronomia\/wp-json\/wp\/v2\/posts\/657","targetHints":{"allow":["GET"]}}],"collection":[{"href":"https:\/\/openkitchen.com.br\/eventos-no-itaim-gastronomia\/wp-json\/wp\/v2\/posts"}],"about":[{"href":"https:\/\/openkitchen.com.br\/eventos-no-itaim-gastronomia\/wp-json\/wp\/v2\/types\/post"}],"author":[{"embeddable":true,"href":"https:\/\/openkitchen.com.br\/eventos-no-itaim-gastronomia\/wp-json\/wp\/v2\/users\/2"}],"replies":[{"embeddable":true,"href":"https:\/\/openkitchen.com.br\/eventos-no-itaim-gastronomia\/wp-json\/wp\/v2\/comments?post=657"}],"version-history":[{"count":15,"href":"https:\/\/openkitchen.com.br\/eventos-no-itaim-gastronomia\/wp-json\/wp\/v2\/posts\/657\/revisions"}],"predecessor-version":[{"id":1103,"href":"https:\/\/openkitchen.com.br\/eventos-no-itaim-gastronomia\/wp-json\/wp\/v2\/posts\/657\/revisions\/1103"}],"wp:featuredmedia":[{"embeddable":true,"href":"https:\/\/openkitchen.com.br\/eventos-no-itaim-gastronomia\/wp-json\/wp\/v2\/media\/663"}],"wp:attachment":[{"href":"https:\/\/openkitchen.com.br\/eventos-no-itaim-gastronomia\/wp-json\/wp\/v2\/media?parent=657"}],"wp:term":[{"taxonomy":"category","embeddable":true,"href":"https:\/\/openkitchen.com.br\/eventos-no-itaim-gastronomia\/wp-json\/wp\/v2\/categories?post=657"},{"taxonomy":"post_tag","embeddable":true,"href":"https:\/\/openkitchen.com.br\/eventos-no-itaim-gastronomia\/wp-json\/wp\/v2\/tags?post=657"}],"curies":[{"name":"wp","href":"https:\/\/api.w.org\/{rel}","templated":true}]}}