{"id":64,"date":"2016-04-14T20:04:38","date_gmt":"2016-04-14T20:04:38","guid":{"rendered":"https:\/\/openkitchen.com.br\/eventos-no-itaim-gastronomia\/?p=64"},"modified":"2025-07-10T14:39:29","modified_gmt":"2025-07-10T17:39:29","slug":"aniversarios","status":"publish","type":"post","link":"https:\/\/openkitchen.com.br\/eventos-no-itaim-gastronomia\/aniversarios\/","title":{"rendered":"Seu Anivers\u00e1rio merece mais aten\u00e7\u00e3o."},"content":{"rendered":"\t\t<div data-elementor-type=\"wp-post\" data-elementor-id=\"64\" class=\"elementor elementor-64\" data-elementor-post-type=\"post\">\n\t\t\t\t<div class=\"elementor-element elementor-element-cd5cb2a e-con-full animated-fast e-flex elementor-invisible e-con e-parent\" data-id=\"cd5cb2a\" data-element_type=\"container\" data-e-type=\"container\" data-settings=\"{&quot;animation&quot;:&quot;fadeInUp&quot;,&quot;background_background&quot;:&quot;classic&quot;}\">\n\t\t\t\t<div class=\"elementor-element elementor-element-a75ee93 elementor-widget elementor-widget-theme-post-title elementor-page-title elementor-widget-heading\" data-id=\"a75ee93\" data-element_type=\"widget\" data-e-type=\"widget\" data-widget_type=\"theme-post-title.default\">\n\t\t\t\t<div class=\"elementor-widget-container\">\n\t\t\t\t\t<h1 class=\"elementor-heading-title elementor-size-default\">Seu Anivers\u00e1rio merece mais aten\u00e7\u00e3o.<\/h1>\t\t\t\t<\/div>\n\t\t\t\t<\/div>\n\t\t\t\t<\/div>\n\t\t<div class=\"elementor-element elementor-element-e855d85 e-con-full e-flex e-con e-parent\" data-id=\"e855d85\" data-element_type=\"container\" data-e-type=\"container\">\n\t\t<div class=\"elementor-element elementor-element-998ef0a e-con-full animated-fast e-flex elementor-invisible e-con e-child\" data-id=\"998ef0a\" data-element_type=\"container\" data-e-type=\"container\" data-settings=\"{&quot;animation&quot;:&quot;fadeInLeft&quot;}\">\n\t\t\t\t<div class=\"elementor-element elementor-element-6080e0f elementor-widget elementor-widget-video\" data-id=\"6080e0f\" data-element_type=\"widget\" data-e-type=\"widget\" data-settings=\"{&quot;youtube_url&quot;:&quot;https:\\\/\\\/youtu.be\\\/L8PvwBab7Kc&quot;,&quot;video_type&quot;:&quot;youtube&quot;,&quot;controls&quot;:&quot;yes&quot;}\" data-widget_type=\"video.default\">\n\t\t\t\t<div class=\"elementor-widget-container\">\n\t\t\t\t\t\t\t<div class=\"elementor-wrapper elementor-open-inline\">\n\t\t\t<div class=\"elementor-video\"><\/div>\t\t<\/div>\n\t\t\t\t\t\t<\/div>\n\t\t\t\t<\/div>\n\t\t\t\t<\/div>\n\t\t<div class=\"elementor-element elementor-element-507dbfd e-con-full animated-fast e-flex elementor-invisible e-con e-child\" data-id=\"507dbfd\" data-element_type=\"container\" data-e-type=\"container\" data-settings=\"{&quot;animation&quot;:&quot;fadeInRight&quot;}\">\n\t\t\t\t<div class=\"elementor-element elementor-element-08cad2f elementor-widget elementor-widget-text-editor\" data-id=\"08cad2f\" data-element_type=\"widget\" data-e-type=\"widget\" data-widget_type=\"text-editor.default\">\n\t\t\t\t<div class=\"elementor-widget-container\">\n\t\t\t\t\t\t\t\t\t<h2>Anivers\u00e1rios para at\u00e9 55 convidados com menus Exclusivos.<\/h2><p>Se voc\u00ea \u00e9 daquelas pessoas que adora receber, o nosso espa\u00e7o de eventos premium\u00a0 \u00e9\u00a0perfeito para realizar a sua comemora\u00e7\u00e3o de anivers\u00e1rio.\u00a0<span style=\"color: var( --e-global-color-text ); font-family: var( --e-global-typography-text-font-family ), Sans-serif; font-weight: var( --e-global-typography-text-font-weight ); background-color: var( --e-global-color-primary ); font-size: 1rem;\">Voc\u00ea vai conviver com seus convidados como se estivesse na sua casa.<\/span><\/p><p><span style=\"color: var( --e-global-color-text ); font-family: var( --e-global-typography-text-font-family ), Sans-serif; font-weight: var( --e-global-typography-text-font-weight ); background-color: var( --e-global-color-primary ); font-size: 1rem;\">Al\u00e9m de experi\u00eancias customizadas, temos 2 formatos que fazem sucesso nos anivers\u00e1rios: um brunch delicioso e completo e um coquetel, informal e despojado. Ideais para celebrar em um s\u00e1bado de dia.<\/span><\/p><p class=\"p1\">\u00a0<\/p>\t\t\t\t\t\t\t\t<\/div>\n\t\t\t\t<\/div>\n\t\t\t\t<\/div>\n\t\t\t\t<\/div>\n\t\t<div class=\"elementor-element elementor-element-e929e02 e-con-full e-flex e-con e-parent\" data-id=\"e929e02\" data-element_type=\"container\" data-e-type=\"container\">\n\t\t<div class=\"elementor-element elementor-element-b8d1714 e-con-full animated-fast e-flex elementor-invisible e-con e-child\" data-id=\"b8d1714\" data-element_type=\"container\" data-e-type=\"container\" data-settings=\"{&quot;animation&quot;:&quot;fadeInLeft&quot;}\">\n\t\t\t\t<div class=\"elementor-element elementor-element-766ee84 elementor--h-position-center elementor--v-position-middle elementor-arrows-position-inside elementor-pagination-position-inside elementor-widget elementor-widget-slides\" data-id=\"766ee84\" data-element_type=\"widget\" data-e-type=\"widget\" data-settings=\"{&quot;navigation&quot;:&quot;both&quot;,&quot;autoplay&quot;:&quot;yes&quot;,&quot;pause_on_hover&quot;:&quot;yes&quot;,&quot;pause_on_interaction&quot;:&quot;yes&quot;,&quot;autoplay_speed&quot;:5000,&quot;infinite&quot;:&quot;yes&quot;,&quot;transition&quot;:&quot;slide&quot;,&quot;transition_speed&quot;:500}\" data-widget_type=\"slides.default\">\n\t\t\t\t<div class=\"elementor-widget-container\">\n\t\t\t\t\t\t\t\t\t<div class=\"elementor-swiper\">\n\t\t\t\t\t<div class=\"elementor-slides-wrapper elementor-main-swiper swiper\" role=\"region\" aria-roledescription=\"carousel\" aria-label=\"Slides\" dir=\"ltr\" data-animation=\"fadeInUp\">\n\t\t\t\t<div class=\"swiper-wrapper elementor-slides\">\n\t\t\t\t\t\t\t\t\t\t<div class=\"elementor-repeater-item-466f9da swiper-slide\" role=\"group\" aria-roledescription=\"slide\"><div class=\"swiper-slide-bg elementor-ken-burns elementor-ken-burns--in\" role=\"img\" aria-label=\"Espa\u00e7o para Eventos Open Kitchen, cozinha integrada, ampla e descolada. Eventos no Itaim. Espa\u00e7o para Eventos Gastron\u00f4micos no Itaim\"><\/div><div class=\"swiper-slide-inner\" ><div class=\"swiper-slide-contents\"><\/div><\/div><\/div>\t\t\t\t<\/div>\n\t\t\t\t\t\t\t<\/div>\n\t\t\t\t<\/div>\n\t\t\t\t\t\t\t\t<\/div>\n\t\t\t\t<\/div>\n\t\t\t\t<\/div>\n\t\t<div class=\"elementor-element elementor-element-0b7a7f8 e-con-full animated-fast e-flex elementor-invisible e-con e-child\" data-id=\"0b7a7f8\" data-element_type=\"container\" data-e-type=\"container\" data-settings=\"{&quot;animation&quot;:&quot;fadeInRight&quot;}\">\n\t\t\t\t<div class=\"elementor-element elementor-element-bafa658 elementor-widget elementor-widget-text-editor\" data-id=\"bafa658\" data-element_type=\"widget\" data-e-type=\"widget\" data-widget_type=\"text-editor.default\">\n\t\t\t\t<div class=\"elementor-widget-container\">\n\t\t\t\t\t\t\t\t\t<p><span style=\"background-color: var( --e-global-color-primary ); color: var( --e-global-color-text ); font-family: var( --e-global-typography-text-font-family ), Sans-serif; font-size: 1rem; font-weight: var( --e-global-typography-text-font-weight ); text-align: left;\">O nosso espa\u00e7o est\u00e1 mobiliado e muito bem decorado para receber confortavelmente at\u00e9 42 convidados sentados ou at\u00e9 55 pessoas no estilo coquetel.<\/span><\/p><p>\u00a0Uma \u00e1rea externa super charmosa logo na entrada\u00a0 ilumina os ambientes internos atrav\u00e9s de uma grande janela de vidro. Dentro do espa\u00e7o, contamos com um sal\u00e3o amplo, todo integrado \u00e0 uma cozinha aberta.<\/p><p>\u00c0 tarde a atmosfera aconchegante contribui para momentos de agrad\u00e1veis tanto ao ar livre como dentro de casa. O clima perfeito para seu anivers\u00e1rio.\u00a0<\/p>\t\t\t\t\t\t\t\t<\/div>\n\t\t\t\t<\/div>\n\t\t\t\t<\/div>\n\t\t\t\t<\/div>\n\t\t<div class=\"elementor-element elementor-element-ea68e67 e-con-full e-flex e-con e-parent\" data-id=\"ea68e67\" data-element_type=\"container\" data-e-type=\"container\">\n\t\t<div class=\"elementor-element elementor-element-457e0a9 e-con-full animated-fast e-flex elementor-invisible e-con e-child\" data-id=\"457e0a9\" data-element_type=\"container\" data-e-type=\"container\" data-settings=\"{&quot;animation&quot;:&quot;fadeInRight&quot;}\">\n\t\t\t\t<div class=\"elementor-element elementor-element-18e9976 elementor--v-position-bottom elementor--h-position-center elementor-arrows-position-inside elementor-pagination-position-inside elementor-widget elementor-widget-slides\" data-id=\"18e9976\" data-element_type=\"widget\" data-e-type=\"widget\" data-settings=\"{&quot;navigation&quot;:&quot;both&quot;,&quot;autoplay&quot;:&quot;yes&quot;,&quot;pause_on_hover&quot;:&quot;yes&quot;,&quot;pause_on_interaction&quot;:&quot;yes&quot;,&quot;autoplay_speed&quot;:5000,&quot;infinite&quot;:&quot;yes&quot;,&quot;transition&quot;:&quot;slide&quot;,&quot;transition_speed&quot;:500}\" data-widget_type=\"slides.default\">\n\t\t\t\t<div class=\"elementor-widget-container\">\n\t\t\t\t\t\t\t\t\t<div class=\"elementor-swiper\">\n\t\t\t\t\t<div class=\"elementor-slides-wrapper elementor-main-swiper swiper\" role=\"region\" aria-roledescription=\"carousel\" aria-label=\"Slides\" dir=\"ltr\" data-animation=\"fadeInUp\">\n\t\t\t\t<div class=\"swiper-wrapper elementor-slides\">\n\t\t\t\t\t\t\t\t\t\t<div class=\"elementor-repeater-item-466f9da swiper-slide\" role=\"group\" aria-roledescription=\"slide\"><div class=\"swiper-slide-bg elementor-ken-burns elementor-ken-burns--in\" role=\"img\" aria-label=\"Open Kitchen - Cozinha Aberta\"><\/div><div class=\"swiper-slide-inner\" ><div class=\"swiper-slide-contents\"><\/div><\/div><\/div>\t\t\t\t<\/div>\n\t\t\t\t\t\t\t<\/div>\n\t\t\t\t<\/div>\n\t\t\t\t\t\t\t\t<\/div>\n\t\t\t\t<\/div>\n\t\t\t\t<\/div>\n\t\t<div class=\"elementor-element elementor-element-021afeb e-con-full animated-fast e-flex elementor-invisible e-con e-child\" data-id=\"021afeb\" data-element_type=\"container\" data-e-type=\"container\" data-settings=\"{&quot;animation&quot;:&quot;fadeInRight&quot;}\">\n\t\t\t\t<div class=\"elementor-element elementor-element-542db09 elementor-widget elementor-widget-text-editor\" data-id=\"542db09\" data-element_type=\"widget\" data-e-type=\"widget\" data-widget_type=\"text-editor.default\">\n\t\t\t\t<div class=\"elementor-widget-container\">\n\t\t\t\t\t\t\t\t\t<p>Na Open Kitchen temos vers\u00f5es completas de experi\u00eancias de anivers\u00e1rio. Destaque para nosso Brunch (para quem quer come\u00e7ar a festa mais cedo), que vai dos matinais at\u00e9 deliciosos bowls de risoto e o menu Coquetel, para uma tarde repleta de sabores entre amigos e familiares. Um belo bar, m\u00fasica e muito mais podem completar este momento t\u00e3o especial.&nbsp;<\/p>\n<p><span style=\"color: var( --e-global-color-text ); font-family: var( --e-global-typography-text-font-family ), Sans-serif; font-weight: var( --e-global-typography-text-font-weight ); background-color: var( --e-global-color-primary ); font-size: 1rem;\">Tudo sai da nossa cozinha aberta, o cora\u00e7\u00e3o do nosso espa\u00e7o, trazendo ares intimistas e a interatividade na medida para os convidados do dia.<\/span><\/p>\t\t\t\t\t\t\t\t<\/div>\n\t\t\t\t<\/div>\n\t\t\t\t<\/div>\n\t\t\t\t<\/div>\n\t\t<div class=\"elementor-element elementor-element-6b37291 e-con-full e-flex e-con e-parent\" data-id=\"6b37291\" data-element_type=\"container\" data-e-type=\"container\">\n\t\t<div class=\"elementor-element elementor-element-383c8c2 e-con-full animated-fast e-flex elementor-invisible e-con e-child\" data-id=\"383c8c2\" data-element_type=\"container\" data-e-type=\"container\" data-settings=\"{&quot;animation&quot;:&quot;fadeInLeft&quot;}\">\n\t\t\t\t<div class=\"elementor-element elementor-element-e915fb7 elementor--h-position-center elementor--v-position-middle elementor-arrows-position-inside elementor-pagination-position-inside elementor-widget elementor-widget-slides\" data-id=\"e915fb7\" data-element_type=\"widget\" data-e-type=\"widget\" data-settings=\"{&quot;navigation&quot;:&quot;both&quot;,&quot;autoplay&quot;:&quot;yes&quot;,&quot;pause_on_hover&quot;:&quot;yes&quot;,&quot;pause_on_interaction&quot;:&quot;yes&quot;,&quot;autoplay_speed&quot;:5000,&quot;infinite&quot;:&quot;yes&quot;,&quot;transition&quot;:&quot;slide&quot;,&quot;transition_speed&quot;:500}\" data-widget_type=\"slides.default\">\n\t\t\t\t<div class=\"elementor-widget-container\">\n\t\t\t\t\t\t\t\t\t<div class=\"elementor-swiper\">\n\t\t\t\t\t<div class=\"elementor-slides-wrapper elementor-main-swiper swiper\" role=\"region\" aria-roledescription=\"carousel\" aria-label=\"Slides\" dir=\"ltr\" data-animation=\"fadeInUp\">\n\t\t\t\t<div class=\"swiper-wrapper elementor-slides\">\n\t\t\t\t\t\t\t\t\t\t<div class=\"elementor-repeater-item-466f9da swiper-slide\" role=\"group\" aria-roledescription=\"slide\"><div class=\"swiper-slide-bg elementor-ken-burns elementor-ken-burns--in\" role=\"img\" aria-label=\"Anivers\u00e1rios\"><\/div><div class=\"swiper-slide-inner\" ><div class=\"swiper-slide-contents\"><\/div><\/div><\/div>\t\t\t\t<\/div>\n\t\t\t\t\t\t\t<\/div>\n\t\t\t\t<\/div>\n\t\t\t\t\t\t\t\t<\/div>\n\t\t\t\t<\/div>\n\t\t\t\t<\/div>\n\t\t<div class=\"elementor-element elementor-element-936d888 e-con-full animated-fast e-flex elementor-invisible e-con e-child\" data-id=\"936d888\" data-element_type=\"container\" data-e-type=\"container\" data-settings=\"{&quot;animation&quot;:&quot;fadeInRight&quot;}\">\n\t\t\t\t<div class=\"elementor-element elementor-element-d311e55 elementor-widget elementor-widget-text-editor\" data-id=\"d311e55\" data-element_type=\"widget\" data-e-type=\"widget\" data-widget_type=\"text-editor.default\">\n\t\t\t\t<div class=\"elementor-widget-container\">\n\t\t\t\t\t\t\t\t\t<p class=\"p1\">Mais alguns detalhes poder\u00e3o complementar a sua festa. Bolo Open Kitchen com receita da casa, mesa de doces, servi\u00e7o de hostess, decora\u00e7\u00e3o com flores e valet com estacionamento.<\/p><p class=\"p1\">A casa conta com um excelente sistema de som, \u00a0Smart TV, wi-fi e ar condicionado.<\/p><p class=\"p1\">Utilize a Open Kitchen para celebrar anivers\u00e1rios, anivers\u00e1rio de casamento, anivers\u00e1rio da sua empresa e at\u00e9 mesmo uma festa de crian\u00e7a com gastronomia : ).<\/p><p class=\"p1\">Open Kitchen. A cozinha mais intimista de S\u00e3o Paulo deste 2014.\u00a0<\/p><p class=\"p1\">We Are Open.<\/p>\t\t\t\t\t\t\t\t<\/div>\n\t\t\t\t<\/div>\n\t\t\t\t<\/div>\n\t\t\t\t<\/div>\n\t\t\t\t<\/div>\n\t\t","protected":false},"excerpt":{"rendered":"<p>https:\/\/youtu.be\/L8PvwBab7Kc Anivers\u00e1rios para at\u00e9 55 convidados com menus Exclusivos. Se voc\u00ea \u00e9 daquelas pessoas que adora receber, o nosso espa\u00e7o de eventos premium\u00a0 \u00e9\u00a0perfeito para realizar a sua comemora\u00e7\u00e3o de anivers\u00e1rio.\u00a0Voc\u00ea vai conviver com seus convidados como se estivesse na sua casa. Al\u00e9m de experi\u00eancias customizadas, temos 2 formatos que fazem sucesso nos anivers\u00e1rios: um [&hellip;]<\/p>\n","protected":false},"author":2,"featured_media":748,"comment_status":"closed","ping_status":"open","sticky":true,"template":"elementor_header_footer","format":"standard","meta":{"footnotes":""},"categories":[5],"tags":[],"class_list":["post-64","post","type-post","status-publish","format-standard","has-post-thumbnail","hentry","category-eventos-open-kitchen-2"],"jetpack_featured_media_url":"https:\/\/openkitchen.com.br\/eventos-no-itaim-gastronomia\/wp-content\/uploads\/2016\/04\/Captura-de-Tela-2019-02-18-a\u0300s-16.18.51.png","_links":{"self":[{"href":"https:\/\/openkitchen.com.br\/eventos-no-itaim-gastronomia\/wp-json\/wp\/v2\/posts\/64","targetHints":{"allow":["GET"]}}],"collection":[{"href":"https:\/\/openkitchen.com.br\/eventos-no-itaim-gastronomia\/wp-json\/wp\/v2\/posts"}],"about":[{"href":"https:\/\/openkitchen.com.br\/eventos-no-itaim-gastronomia\/wp-json\/wp\/v2\/types\/post"}],"author":[{"embeddable":true,"href":"https:\/\/openkitchen.com.br\/eventos-no-itaim-gastronomia\/wp-json\/wp\/v2\/users\/2"}],"replies":[{"embeddable":true,"href":"https:\/\/openkitchen.com.br\/eventos-no-itaim-gastronomia\/wp-json\/wp\/v2\/comments?post=64"}],"version-history":[{"count":38,"href":"https:\/\/openkitchen.com.br\/eventos-no-itaim-gastronomia\/wp-json\/wp\/v2\/posts\/64\/revisions"}],"predecessor-version":[{"id":2045,"href":"https:\/\/openkitchen.com.br\/eventos-no-itaim-gastronomia\/wp-json\/wp\/v2\/posts\/64\/revisions\/2045"}],"wp:featuredmedia":[{"embeddable":true,"href":"https:\/\/openkitchen.com.br\/eventos-no-itaim-gastronomia\/wp-json\/wp\/v2\/media\/748"}],"wp:attachment":[{"href":"https:\/\/openkitchen.com.br\/eventos-no-itaim-gastronomia\/wp-json\/wp\/v2\/media?parent=64"}],"wp:term":[{"taxonomy":"category","embeddable":true,"href":"https:\/\/openkitchen.com.br\/eventos-no-itaim-gastronomia\/wp-json\/wp\/v2\/categories?post=64"},{"taxonomy":"post_tag","embeddable":true,"href":"https:\/\/openkitchen.com.br\/eventos-no-itaim-gastronomia\/wp-json\/wp\/v2\/tags?post=64"}],"curies":[{"name":"wp","href":"https:\/\/api.w.org\/{rel}","templated":true}]}}