{"id":58,"date":"2016-04-14T19:52:51","date_gmt":"2016-04-14T19:52:51","guid":{"rendered":"https:\/\/openkitchen.com.br\/eventos-no-itaim-gastronomia\/?p=58"},"modified":"2024-10-05T16:14:28","modified_gmt":"2024-10-05T19:14:28","slug":"confrarias-e-outros-grupos","status":"publish","type":"post","link":"https:\/\/openkitchen.com.br\/eventos-no-itaim-gastronomia\/confrarias-e-outros-grupos\/","title":{"rendered":"Confrarias e outros grupos | Espa\u00e7o de Eventos"},"content":{"rendered":"<p><img fetchpriority=\"high\" decoding=\"async\" class=\"alignnone size-large wp-image-144\" src=\"https:\/\/openkitchen.com.br\/eventos-no-itaim-gastronomia\/wp-content\/uploads\/2016\/04\/Confrarias_OpenKitchen-1024x592.png\" alt=\"Confrarias_OpenKitchen\" width=\"1000\" height=\"578\" srcset=\"https:\/\/openkitchen.com.br\/eventos-no-itaim-gastronomia\/wp-content\/uploads\/2016\/04\/Confrarias_OpenKitchen-1024x592.png 1024w, https:\/\/openkitchen.com.br\/eventos-no-itaim-gastronomia\/wp-content\/uploads\/2016\/04\/Confrarias_OpenKitchen-300x173.png 300w, https:\/\/openkitchen.com.br\/eventos-no-itaim-gastronomia\/wp-content\/uploads\/2016\/04\/Confrarias_OpenKitchen-768x444.png 768w, https:\/\/openkitchen.com.br\/eventos-no-itaim-gastronomia\/wp-content\/uploads\/2016\/04\/Confrarias_OpenKitchen-519x300.png 519w, https:\/\/openkitchen.com.br\/eventos-no-itaim-gastronomia\/wp-content\/uploads\/2016\/04\/Confrarias_OpenKitchen.png 1440w\" sizes=\"(max-width: 1000px) 100vw, 1000px\" \/><\/p>\n<p>O tradicional &#8220;petit comit\u00ea&#8221; est\u00e1 sendo um dos formatos mais aplicados nos encontros. Pequenos grupos s\u00e3o acolhidos em formatos especiais seguindo todos os protocolos de seguran\u00e7a exigidos no momento.<\/p>\n<p>Grupos que se unem por afinidade, por uma paix\u00e3o. Seja a paix\u00e3o pelo vinho, pela cerveja, pelo caf\u00e9, por culin\u00e1ria, pelo charuto ou at\u00e9 mesmo pelo Poker. Geralmente estes grupos s\u00e3o pequenos e fechados e procuram um espa\u00e7o privativo e agrad\u00e1vel para seus encontros.<\/p>\n<p>O nosso espa\u00e7o de eventos gourmet no Itaim \u00e9 ideal para receber grupos com privacidade. Transforme os seus encontros peri\u00f3dicos em experi\u00eancias exclusivas. Voc\u00ea pode produzir o conte\u00fado que quiser e se preferir, produzimos para voc\u00ea. Mesmo quando produzidos por n\u00f3s, voc\u00ea tem a liberdade de escolher e trazer a sua pr\u00f3pria bebida sem nenhum custo adicional.<\/p>\n<blockquote class=\"instagram-media\" style=\"background: #FFF; border: 0; border-radius: 3px; box-shadow: 0 0 1px 0 rgba(0,0,0,0.5),0 1px 10px 0 rgba(0,0,0,0.15); margin: 1px; max-width: 658px; padding: 0; width: calc(100% - 2px);\" data-instgrm-captioned=\"\" data-instgrm-version=\"6\">\n<div style=\"padding: 8px;\">\n<div style=\"background: #F8F8F8; line-height: 0; margin-top: 40px; padding: 50.0% 0; text-align: center; width: 100%;\"><\/div>\n<p style=\"margin: 8px 0 0 0; padding: 0 4px;\"><a style=\"color: #000; font-family: Arial,sans-serif; font-size: 14px; font-style: normal; font-weight: normal; line-height: 17px; text-decoration: none; word-wrap: break-word;\" href=\"https:\/\/www.instagram.com\/p\/BEPdXq-wqpC\/\" target=\"_blank\" rel=\"noopener noreferrer\">Reta final ???????#eventocorporativo #eventosocial #workshop #experiencias #exclusivo #reunioes #private #aulashow #gourmet #wine #gastronomia #kitchen #locacao #chef #maonamassa #weareopen #openkitchen #openkitchensp #itaim #farialima<\/a><\/p>\n<p style=\"color: #c9c8cd; font-family: Arial,sans-serif; font-size: 14px; line-height: 17px; margin-bottom: 0; margin-top: 8px; overflow: hidden; padding: 8px 0 7px; text-align: center; text-overflow: ellipsis; white-space: nowrap;\">A photo posted by Open Kitchen | Espa\u00e7o Eventos (@openkitchensp) on <time style=\"font-family: Arial,sans-serif; font-size: 14px; line-height: 17px;\" datetime=\"2016-04-16T00:47:04+00:00\">Apr 15, 2016 at 5:47pm PDT<\/time><\/p>\n<\/div>\n<\/blockquote>\n<p>&nbsp;<\/p>\n","protected":false},"excerpt":{"rendered":"<p>O tradicional &#8220;petit comit\u00ea&#8221; est\u00e1 sendo um dos formatos mais aplicados nos encontros. Pequenos grupos s\u00e3o acolhidos em formatos especiais seguindo todos os protocolos de seguran\u00e7a exigidos no momento. Grupos que se unem por afinidade, por uma paix\u00e3o. Seja a paix\u00e3o pelo vinho, pela cerveja, pelo caf\u00e9, por culin\u00e1ria, pelo charuto ou at\u00e9 mesmo pelo [&hellip;]<\/p>\n","protected":false},"author":2,"featured_media":59,"comment_status":"closed","ping_status":"open","sticky":false,"template":"","format":"standard","meta":{"footnotes":""},"categories":[6,5],"tags":[],"class_list":["post-58","post","type-post","status-publish","format-standard","has-post-thumbnail","hentry","category-conteudo-open-kitchen","category-eventos-open-kitchen-2"],"jetpack_featured_media_url":"https:\/\/openkitchen.com.br\/eventos-no-itaim-gastronomia\/wp-content\/uploads\/2016\/04\/bx_OK_ambiente02_OpenKitchen.jpg","_links":{"self":[{"href":"https:\/\/openkitchen.com.br\/eventos-no-itaim-gastronomia\/wp-json\/wp\/v2\/posts\/58","targetHints":{"allow":["GET"]}}],"collection":[{"href":"https:\/\/openkitchen.com.br\/eventos-no-itaim-gastronomia\/wp-json\/wp\/v2\/posts"}],"about":[{"href":"https:\/\/openkitchen.com.br\/eventos-no-itaim-gastronomia\/wp-json\/wp\/v2\/types\/post"}],"author":[{"embeddable":true,"href":"https:\/\/openkitchen.com.br\/eventos-no-itaim-gastronomia\/wp-json\/wp\/v2\/users\/2"}],"replies":[{"embeddable":true,"href":"https:\/\/openkitchen.com.br\/eventos-no-itaim-gastronomia\/wp-json\/wp\/v2\/comments?post=58"}],"version-history":[{"count":11,"href":"https:\/\/openkitchen.com.br\/eventos-no-itaim-gastronomia\/wp-json\/wp\/v2\/posts\/58\/revisions"}],"predecessor-version":[{"id":1417,"href":"https:\/\/openkitchen.com.br\/eventos-no-itaim-gastronomia\/wp-json\/wp\/v2\/posts\/58\/revisions\/1417"}],"wp:featuredmedia":[{"embeddable":true,"href":"https:\/\/openkitchen.com.br\/eventos-no-itaim-gastronomia\/wp-json\/wp\/v2\/media\/59"}],"wp:attachment":[{"href":"https:\/\/openkitchen.com.br\/eventos-no-itaim-gastronomia\/wp-json\/wp\/v2\/media?parent=58"}],"wp:term":[{"taxonomy":"category","embeddable":true,"href":"https:\/\/openkitchen.com.br\/eventos-no-itaim-gastronomia\/wp-json\/wp\/v2\/categories?post=58"},{"taxonomy":"post_tag","embeddable":true,"href":"https:\/\/openkitchen.com.br\/eventos-no-itaim-gastronomia\/wp-json\/wp\/v2\/tags?post=58"}],"curies":[{"name":"wp","href":"https:\/\/api.w.org\/{rel}","templated":true}]}}