{"id":558,"date":"2017-02-10T20:11:17","date_gmt":"2017-02-10T20:11:17","guid":{"rendered":"https:\/\/openkitchen.com.br\/eventos-no-itaim-gastronomia\/?p=558"},"modified":"2019-03-11T19:05:33","modified_gmt":"2019-03-11T19:05:33","slug":"bossa-nova-comida-boa-e-um-dedo-de-prosa-19-02","status":"publish","type":"post","link":"https:\/\/openkitchen.com.br\/eventos-no-itaim-gastronomia\/bossa-nova-comida-boa-e-um-dedo-de-prosa-19-02\/","title":{"rendered":"Bossa Nova, Comida Boa e Um Dedo de Prosa. 19.02"},"content":{"rendered":"<p><strong>&gt;&gt; 19 de Fevereiro&nbsp;&#8211; Domingo&nbsp;&#8211; Comida Boa, Bossa Nova e Um Dedo de Prosa. Almo\u00e7o com o chef Francisco Pinheiro e playlist especial preparada pelo DJ Luis Maranh\u00e3o.&nbsp;<\/strong><\/p>\n<p><img fetchpriority=\"high\" decoding=\"async\" class=\"alignnone size-large wp-image-501\" src=\"https:\/\/openkitchen.com.br\/eventos-no-itaim-gastronomia\/wp-content\/uploads\/2016\/09\/DJ_MaranhaoOpenKitchen-1024x675.jpg\" alt=\"dj_maranhaoopenkitchen\" width=\"1000\" height=\"659\" srcset=\"https:\/\/openkitchen.com.br\/eventos-no-itaim-gastronomia\/wp-content\/uploads\/2016\/09\/DJ_MaranhaoOpenKitchen-1024x675.jpg 1024w, https:\/\/openkitchen.com.br\/eventos-no-itaim-gastronomia\/wp-content\/uploads\/2016\/09\/DJ_MaranhaoOpenKitchen-300x198.jpg 300w, https:\/\/openkitchen.com.br\/eventos-no-itaim-gastronomia\/wp-content\/uploads\/2016\/09\/DJ_MaranhaoOpenKitchen-768x506.jpg 768w, https:\/\/openkitchen.com.br\/eventos-no-itaim-gastronomia\/wp-content\/uploads\/2016\/09\/DJ_MaranhaoOpenKitchen-455x300.jpg 455w, https:\/\/openkitchen.com.br\/eventos-no-itaim-gastronomia\/wp-content\/uploads\/2016\/09\/DJ_MaranhaoOpenKitchen.jpg 1403w\" sizes=\"(max-width: 1000px) 100vw, 1000px\" \/><\/p>\n<p>Aumenta o som e curta esta playlist que o DJ Luis Maranh\u00e3o preparou pra voc\u00ea ir entrando no clima do nosso almo\u00e7o especial de domingo.<\/p>\n<p><iframe src=\"https:\/\/embed.spotify.com\/?uri=spotify%3Auser%3Adjluismaranhao%3Aplaylist%3A6wGXvdGDGjHwWOwkG81GMt\" width=\"300\" height=\"380\" frameborder=\"0\"><\/iframe><\/p>\n<figure style=\"width: 500px\" class=\"wp-caption alignnone\"><img decoding=\"async\" class=\"size-full wp-image-552\" src=\"https:\/\/openkitchen.com.br\/eventos-no-itaim-gastronomia\/wp-content\/uploads\/2017\/02\/Square_FranciscoPinheiro_OpenKitchenSEGUNDA.jpg\" alt=\"bossa nova\" width=\"500\" height=\"500\" srcset=\"https:\/\/openkitchen.com.br\/eventos-no-itaim-gastronomia\/wp-content\/uploads\/2017\/02\/Square_FranciscoPinheiro_OpenKitchenSEGUNDA.jpg 500w, https:\/\/openkitchen.com.br\/eventos-no-itaim-gastronomia\/wp-content\/uploads\/2017\/02\/Square_FranciscoPinheiro_OpenKitchenSEGUNDA-150x150.jpg 150w, https:\/\/openkitchen.com.br\/eventos-no-itaim-gastronomia\/wp-content\/uploads\/2017\/02\/Square_FranciscoPinheiro_OpenKitchenSEGUNDA-300x300.jpg 300w\" sizes=\"(max-width: 500px) 100vw, 500px\" \/><figcaption class=\"wp-caption-text\"><a href=\"http:\/\/www.eventbrite.com.br\/e\/comida-boa-bossa-nova-e-um-dedo-de-prosa-tickets-28060859787?ref=ebtnebtckt\" target=\"_blank\" rel=\"noopener noreferrer\"><img decoding=\"async\" src=\"https:\/\/www.eventbrite.com.br\/custombutton?eid=28060859787\" alt=\"Eventbrite - Comida boa, bossa nova e um dedo de prosa.\"><\/a><\/figcaption><\/figure>\n<p>Saiba mais sobre o evento:&nbsp;<a href=\"https:\/\/openkitchen.com.br\/eventos-no-itaim-gastronomia\/bossa-nova-comida-boa-e-um-dedo-de-prosa\/\">https:\/\/openkitchen.com.br\/eventos-no-itaim-gastronomia\/bossa-nova-comida-boa-e-um-dedo-de-prosa\/<\/a><\/p>\n","protected":false},"excerpt":{"rendered":"<p>&gt;&gt; 19 de Fevereiro&nbsp;&#8211; Domingo&nbsp;&#8211; Comida Boa, Bossa Nova e Um Dedo de Prosa. Almo\u00e7o com o chef Francisco Pinheiro e playlist especial preparada pelo DJ Luis Maranh\u00e3o.&nbsp; Aumenta o som e curta esta playlist que o DJ Luis Maranh\u00e3o preparou pra voc\u00ea ir entrando no clima do nosso almo\u00e7o especial de domingo. Saiba mais [&hellip;]<\/p>\n","protected":false},"author":2,"featured_media":0,"comment_status":"closed","ping_status":"open","sticky":false,"template":"","format":"standard","meta":{"footnotes":""},"categories":[6,5],"tags":[],"class_list":["post-558","post","type-post","status-publish","format-standard","hentry","category-conteudo-open-kitchen","category-eventos-open-kitchen-2"],"jetpack_featured_media_url":"","_links":{"self":[{"href":"https:\/\/openkitchen.com.br\/eventos-no-itaim-gastronomia\/wp-json\/wp\/v2\/posts\/558","targetHints":{"allow":["GET"]}}],"collection":[{"href":"https:\/\/openkitchen.com.br\/eventos-no-itaim-gastronomia\/wp-json\/wp\/v2\/posts"}],"about":[{"href":"https:\/\/openkitchen.com.br\/eventos-no-itaim-gastronomia\/wp-json\/wp\/v2\/types\/post"}],"author":[{"embeddable":true,"href":"https:\/\/openkitchen.com.br\/eventos-no-itaim-gastronomia\/wp-json\/wp\/v2\/users\/2"}],"replies":[{"embeddable":true,"href":"https:\/\/openkitchen.com.br\/eventos-no-itaim-gastronomia\/wp-json\/wp\/v2\/comments?post=558"}],"version-history":[{"count":3,"href":"https:\/\/openkitchen.com.br\/eventos-no-itaim-gastronomia\/wp-json\/wp\/v2\/posts\/558\/revisions"}],"predecessor-version":[{"id":761,"href":"https:\/\/openkitchen.com.br\/eventos-no-itaim-gastronomia\/wp-json\/wp\/v2\/posts\/558\/revisions\/761"}],"wp:attachment":[{"href":"https:\/\/openkitchen.com.br\/eventos-no-itaim-gastronomia\/wp-json\/wp\/v2\/media?parent=558"}],"wp:term":[{"taxonomy":"category","embeddable":true,"href":"https:\/\/openkitchen.com.br\/eventos-no-itaim-gastronomia\/wp-json\/wp\/v2\/categories?post=558"},{"taxonomy":"post_tag","embeddable":true,"href":"https:\/\/openkitchen.com.br\/eventos-no-itaim-gastronomia\/wp-json\/wp\/v2\/tags?post=558"}],"curies":[{"name":"wp","href":"https:\/\/api.w.org\/{rel}","templated":true}]}}