{"id":543,"date":"2023-08-03T15:00:09","date_gmt":"2023-08-03T15:00:09","guid":{"rendered":"https:\/\/openkitchen.com.br\/eventos-no-itaim-gastronomia\/?p=543"},"modified":"2025-07-10T14:14:15","modified_gmt":"2025-07-10T17:14:15","slug":"eventos-especiais-2017-open-kitchen","status":"publish","type":"post","link":"https:\/\/openkitchen.com.br\/eventos-no-itaim-gastronomia\/eventos-especiais-2017-open-kitchen\/","title":{"rendered":"Eventos Especiais &#8211; Open Kitchen"},"content":{"rendered":"\t\t<div data-elementor-type=\"wp-post\" data-elementor-id=\"543\" class=\"elementor elementor-543\" data-elementor-post-type=\"post\">\n\t\t\t\t<div class=\"elementor-element elementor-element-3ae844b e-con-full animated-fast e-flex elementor-invisible e-con e-parent\" data-id=\"3ae844b\" data-element_type=\"container\" data-e-type=\"container\" data-settings=\"{&quot;animation&quot;:&quot;fadeInUp&quot;,&quot;background_background&quot;:&quot;classic&quot;}\">\n\t\t\t\t<div class=\"elementor-element elementor-element-3e38668 elementor-widget elementor-widget-theme-post-title elementor-page-title elementor-widget-heading\" data-id=\"3e38668\" data-element_type=\"widget\" data-e-type=\"widget\" data-widget_type=\"theme-post-title.default\">\n\t\t\t\t<div class=\"elementor-widget-container\">\n\t\t\t\t\t<h1 class=\"elementor-heading-title elementor-size-default\">Eventos Especiais &#8211; Open Kitchen<\/h1>\t\t\t\t<\/div>\n\t\t\t\t<\/div>\n\t\t\t\t<\/div>\n\t\t<div class=\"elementor-element elementor-element-221fe63 e-con-full e-flex e-con e-parent\" data-id=\"221fe63\" data-element_type=\"container\" data-e-type=\"container\">\n\t\t<div class=\"elementor-element elementor-element-121bd60 e-con-full animated-fast e-flex elementor-invisible e-con e-child\" data-id=\"121bd60\" data-element_type=\"container\" data-e-type=\"container\" data-settings=\"{&quot;animation&quot;:&quot;fadeInLeft&quot;}\">\n\t\t\t\t<div class=\"elementor-element elementor-element-a7341e4 elementor-widget elementor-widget-video\" data-id=\"a7341e4\" data-element_type=\"widget\" data-e-type=\"widget\" data-settings=\"{&quot;youtube_url&quot;:&quot;https:\\\/\\\/www.youtube.com\\\/watch?v=L8PvwBab7Kc&amp;t=3s&quot;,&quot;video_type&quot;:&quot;youtube&quot;,&quot;controls&quot;:&quot;yes&quot;}\" data-widget_type=\"video.default\">\n\t\t\t\t<div class=\"elementor-widget-container\">\n\t\t\t\t\t\t\t<div class=\"elementor-wrapper elementor-open-inline\">\n\t\t\t<div class=\"elementor-video\"><\/div>\t\t<\/div>\n\t\t\t\t\t\t<\/div>\n\t\t\t\t<\/div>\n\t\t\t\t<\/div>\n\t\t<div class=\"elementor-element elementor-element-6717a9c e-con-full animated-fast e-flex elementor-invisible e-con e-child\" data-id=\"6717a9c\" data-element_type=\"container\" data-e-type=\"container\" data-settings=\"{&quot;animation&quot;:&quot;fadeInRight&quot;}\">\n\t\t\t\t<div class=\"elementor-element elementor-element-113b0dc elementor-widget elementor-widget-text-editor\" data-id=\"113b0dc\" data-element_type=\"widget\" data-e-type=\"widget\" data-widget_type=\"text-editor.default\">\n\t\t\t\t<div class=\"elementor-widget-container\">\n\t\t\t\t\t\t\t\t\t<h1>Eventos Especiais que v\u00e3o surpreender os seus convidados.<\/h1>\n<p><!-- \/wp:heading --><!-- wp:paragraph --><\/p>\n<p><span style=\"color: var( --e-global-color-text ); font-family: var( --e-global-typography-text-font-family ), Sans-serif; font-weight: var( --e-global-typography-text-font-weight ); background-color: var( --e-global-color-primary ); font-size: 1rem;\">Nossa dica para voc\u00ea alcan\u00e7ar excelentes resultados com seus convidados \u00e9 programar cuidadosamente seus eventos, com anteced\u00eancia.<\/span><\/p>\n<p><!-- \/wp:paragraph --><!-- wp:paragraph {\"className\":\"p1\"} --><\/p>\n<p>Detalhes importantes e projetos especiais precisam de tempo e dedica\u00e7\u00e3o para ficarem perfeitos. Por\u00e9m, nem sempre vivemos no &#8220;mundo ideal&#8221;, por isso, se for necess\u00e1rio, a Open Kitchen te ajuda a produzir tudo o que voc\u00ea precisa em poucos dias. Afinal, s<span style=\"color: var( --e-global-color-text ); font-family: var( --e-global-typography-text-font-family ), Sans-serif; font-weight: var( --e-global-typography-text-font-weight ); background-color: var( --e-global-color-primary ); font-size: 1rem;\">\u00e3o mais de 10 anos de casa elaborando experi\u00eancias memor\u00e1veis em torno da cozinha.<\/span><\/p>\t\t\t\t\t\t\t\t<\/div>\n\t\t\t\t<\/div>\n\t\t\t\t<\/div>\n\t\t\t\t<\/div>\n\t\t<div class=\"elementor-element elementor-element-3f74619 e-con-full e-flex e-con e-parent\" data-id=\"3f74619\" data-element_type=\"container\" data-e-type=\"container\">\n\t\t<div class=\"elementor-element elementor-element-06814e4 e-con-full animated-fast e-flex elementor-invisible e-con e-child\" data-id=\"06814e4\" data-element_type=\"container\" data-e-type=\"container\" data-settings=\"{&quot;animation&quot;:&quot;fadeInRight&quot;}\">\n\t\t\t\t<div class=\"elementor-element elementor-element-271225f elementor--h-position-center elementor--v-position-middle elementor-arrows-position-inside elementor-pagination-position-inside elementor-widget elementor-widget-slides\" data-id=\"271225f\" data-element_type=\"widget\" data-e-type=\"widget\" data-settings=\"{&quot;navigation&quot;:&quot;both&quot;,&quot;autoplay&quot;:&quot;yes&quot;,&quot;pause_on_hover&quot;:&quot;yes&quot;,&quot;pause_on_interaction&quot;:&quot;yes&quot;,&quot;autoplay_speed&quot;:5000,&quot;infinite&quot;:&quot;yes&quot;,&quot;transition&quot;:&quot;slide&quot;,&quot;transition_speed&quot;:500}\" data-widget_type=\"slides.default\">\n\t\t\t\t<div class=\"elementor-widget-container\">\n\t\t\t\t\t\t\t\t\t<div class=\"elementor-swiper\">\n\t\t\t\t\t<div class=\"elementor-slides-wrapper elementor-main-swiper swiper\" role=\"region\" aria-roledescription=\"carousel\" aria-label=\"Slides\" dir=\"ltr\" data-animation=\"fadeInUp\">\n\t\t\t\t<div class=\"swiper-wrapper elementor-slides\">\n\t\t\t\t\t\t\t\t\t\t<div class=\"elementor-repeater-item-466f9da swiper-slide\" role=\"group\" aria-roledescription=\"slide\"><div class=\"swiper-slide-bg\" role=\"img\" aria-label=\"Espa\u00e7o para Eventos Open Kitchen, cozinha integrada, ampla e descolada. Eventos no Itaim. Espa\u00e7o para Eventos Gastron\u00f4micos no Itaim\"><\/div><div class=\"swiper-slide-inner\" ><div class=\"swiper-slide-contents\"><\/div><\/div><\/div>\t\t\t\t<\/div>\n\t\t\t\t\t\t\t<\/div>\n\t\t\t\t<\/div>\n\t\t\t\t\t\t\t\t<\/div>\n\t\t\t\t<\/div>\n\t\t\t\t<\/div>\n\t\t<div class=\"elementor-element elementor-element-c481a5b e-con-full animated-fast e-flex elementor-invisible e-con e-child\" data-id=\"c481a5b\" data-element_type=\"container\" data-e-type=\"container\" data-settings=\"{&quot;animation&quot;:&quot;fadeInRight&quot;}\">\n\t\t\t\t<div class=\"elementor-element elementor-element-e47e844 elementor-widget elementor-widget-text-editor\" data-id=\"e47e844\" data-element_type=\"widget\" data-e-type=\"widget\" data-widget_type=\"text-editor.default\">\n\t\t\t\t<div class=\"elementor-widget-container\">\n\t\t\t\t\t\t\t\t\t<p class=\"p1\">A Open Kitchen \u00e9 um espa\u00e7o para eventos pioneiro na integra\u00e7\u00e3o entre o universo corporativo e a alta gastronomia, ideal para realiza\u00e7\u00e3o de eventos corporativos. Nossos formatos s\u00e3o customizados para se adequar a cada necessidade.<\/p>\n<h2><!-- \/wp:paragraph --><!-- wp:paragraph --><!-- \/wp:paragraph --><!-- wp:paragraph {\"className\":\"p1\"} --><\/h2>\n<p class=\"p1\">Situada em uma localiza\u00e7\u00e3o privilegiada, \u201ca cozinha mais intimista de S\u00e3o Paulo\u201d fica em uma casa no Itaim Bibi\/Vila Nova Concei\u00e7\u00e3o, preparada especialmente para receber os mais variados modelos de experi\u00eancia. Trazendo interatividade na medida certa, a ambi\u00eancia da casa proporciona momentos acolhedores que d\u00e3o a sensa\u00e7\u00e3o de intimidade fundamental para os dias de hoje.<\/p>\t\t\t\t\t\t\t\t<\/div>\n\t\t\t\t<\/div>\n\t\t\t\t<\/div>\n\t\t\t\t<\/div>\n\t\t<div class=\"elementor-element elementor-element-30d2cf7 e-con-full e-flex e-con e-parent\" data-id=\"30d2cf7\" data-element_type=\"container\" data-e-type=\"container\">\n\t\t<div class=\"elementor-element elementor-element-7be49bc e-con-full animated-fast e-flex elementor-invisible e-con e-child\" data-id=\"7be49bc\" data-element_type=\"container\" data-e-type=\"container\" data-settings=\"{&quot;animation&quot;:&quot;fadeInRight&quot;}\">\n\t\t\t\t<div class=\"elementor-element elementor-element-179318b elementor--v-position-bottom elementor--h-position-center elementor-arrows-position-inside elementor-pagination-position-inside elementor-widget elementor-widget-slides\" data-id=\"179318b\" data-element_type=\"widget\" data-e-type=\"widget\" data-settings=\"{&quot;navigation&quot;:&quot;both&quot;,&quot;autoplay&quot;:&quot;yes&quot;,&quot;pause_on_hover&quot;:&quot;yes&quot;,&quot;pause_on_interaction&quot;:&quot;yes&quot;,&quot;autoplay_speed&quot;:5000,&quot;infinite&quot;:&quot;yes&quot;,&quot;transition&quot;:&quot;slide&quot;,&quot;transition_speed&quot;:500}\" data-widget_type=\"slides.default\">\n\t\t\t\t<div class=\"elementor-widget-container\">\n\t\t\t\t\t\t\t\t\t<div class=\"elementor-swiper\">\n\t\t\t\t\t<div class=\"elementor-slides-wrapper elementor-main-swiper swiper\" role=\"region\" aria-roledescription=\"carousel\" aria-label=\"Slides\" dir=\"ltr\" data-animation=\"fadeInUp\">\n\t\t\t\t<div class=\"swiper-wrapper elementor-slides\">\n\t\t\t\t\t\t\t\t\t\t<div class=\"elementor-repeater-item-466f9da swiper-slide\" role=\"group\" aria-roledescription=\"slide\"><div class=\"swiper-slide-bg elementor-ken-burns elementor-ken-burns--in\" role=\"img\" aria-label=\"Black and White - Cozinha - Open Kitchen\"><\/div><div class=\"swiper-slide-inner\" ><div class=\"swiper-slide-contents\"><\/div><\/div><\/div>\t\t\t\t<\/div>\n\t\t\t\t\t\t\t<\/div>\n\t\t\t\t<\/div>\n\t\t\t\t\t\t\t\t<\/div>\n\t\t\t\t<\/div>\n\t\t\t\t<\/div>\n\t\t<div class=\"elementor-element elementor-element-e6ba131 e-con-full animated-fast e-flex elementor-invisible e-con e-child\" data-id=\"e6ba131\" data-element_type=\"container\" data-e-type=\"container\" data-settings=\"{&quot;animation&quot;:&quot;fadeInRight&quot;}\">\n\t\t\t\t<div class=\"elementor-element elementor-element-937f3ec elementor-widget elementor-widget-text-editor\" data-id=\"937f3ec\" data-element_type=\"widget\" data-e-type=\"widget\" data-widget_type=\"text-editor.default\">\n\t\t\t\t<div class=\"elementor-widget-container\">\n\t\t\t\t\t\t\t\t\t<p class=\"p1\">Vivemos um per\u00edodo decisivo para muitas empresas, neg\u00f3cios e projetos. E, para intensificar relacionamentos, criar oportunidades, apresentar produtos e gerar neg\u00f3cios nada melhor do que um evento em torno da nossa cozinha.<\/p>\n<p><!-- \/wp:paragraph --><!-- wp:paragraph {\"className\":\"p1\"} --><\/p>\n<p class=\"p1\">Misture reuni\u00f5es e din\u00e2micas de grupo com coquet\u00e9is e jantares harmonizados.<\/p>\n<p><!-- \/wp:paragraph --><!-- wp:paragraph {\"className\":\"p1\"} --><\/p>\n<p class=\"p1\">Crie situa\u00e7\u00f5es\u00a0 favor\u00e1veis e amplie suas conex\u00f5es com seus clientes em um ambiente agrad\u00e1vel e fora do comum.<\/p>\n<p><!-- \/wp:paragraph --><!-- wp:paragraph {\"className\":\"p1\"} --><\/p>\n<p class=\"p1\">Motive sua equipe, aumente a capacita\u00e7\u00e3o do seu time e finalize uma manh\u00e3 completa de trabalho com um almo\u00e7o especial preparado por nosso chef.<\/p>\n<p><!-- \/wp:paragraph --><!-- wp:paragraph --><\/p>\n<p>Prepare-se para os novos tempos e organize suas datas com conforto para produzir grandes acontecimentos no futuro pr\u00f3ximo.<\/p>\n<p><!-- \/wp:paragraph --><!-- wp:paragraph {\"className\":\"p1\"} --><\/p>\n<p class=\"p1\">Na Open voc\u00ea tem diversas op\u00e7\u00f5es para realizar o seu projeto de evento e acreditamos que quanto\u00a0mais bem planejado e elaborado,\u00a0melhores ser\u00e3o as experi\u00eancias e, claro, os resultados.<\/p>\n<p><!-- \/wp:paragraph --><!-- wp:paragraph {\"className\":\"p1\"} --><\/p>\n<p class=\"p1\">Vale ressaltar que se voc\u00ea realiza eventos com frequ\u00eancia, deve consultar nossa pol\u00edtica especial de valores para pacote de datas.<\/p>\t\t\t\t\t\t\t\t<\/div>\n\t\t\t\t<\/div>\n\t\t\t\t<\/div>\n\t\t\t\t<\/div>\n\t\t<div class=\"elementor-element elementor-element-a689478 e-con-full e-flex e-con e-parent\" data-id=\"a689478\" data-element_type=\"container\" data-e-type=\"container\">\n\t\t<div class=\"elementor-element elementor-element-848f6eb e-con-full animated-fast e-flex elementor-invisible e-con e-child\" data-id=\"848f6eb\" data-element_type=\"container\" data-e-type=\"container\" data-settings=\"{&quot;animation&quot;:&quot;fadeInRight&quot;}\">\n\t\t\t\t<div class=\"elementor-element elementor-element-2e9493a animated-fast elementor-arrows-position-inside elementor-invisible elementor-widget elementor-widget-image-carousel\" data-id=\"2e9493a\" data-element_type=\"widget\" data-e-type=\"widget\" data-settings=\"{&quot;navigation&quot;:&quot;arrows&quot;,&quot;slides_to_show&quot;:&quot;1&quot;,&quot;_animation&quot;:&quot;zoomIn&quot;,&quot;slides_to_show_tablet&quot;:&quot;3&quot;,&quot;slides_to_show_mobile&quot;:&quot;2&quot;,&quot;autoplay&quot;:&quot;yes&quot;,&quot;pause_on_hover&quot;:&quot;yes&quot;,&quot;pause_on_interaction&quot;:&quot;yes&quot;,&quot;autoplay_speed&quot;:5000,&quot;infinite&quot;:&quot;yes&quot;,&quot;effect&quot;:&quot;slide&quot;,&quot;speed&quot;:500}\" data-widget_type=\"image-carousel.default\">\n\t\t\t\t<div class=\"elementor-widget-container\">\n\t\t\t\t\t\t\t<div class=\"elementor-image-carousel-wrapper swiper\" role=\"region\" aria-roledescription=\"carousel\" aria-label=\"Carrossel de imagens\" dir=\"ltr\">\n\t\t\t<div class=\"elementor-image-carousel swiper-wrapper\" aria-live=\"off\">\n\t\t\t\t\t\t\t\t<div class=\"swiper-slide\" role=\"group\" aria-roledescription=\"slide\" aria-label=\"1 de 1\"><a data-elementor-open-lightbox=\"yes\" data-elementor-lightbox-slideshow=\"2e9493a\" data-e-action-hash=\"#elementor-action%3Aaction%3Dlightbox%26settings%3DeyJpZCI6MTcxMSwidXJsIjoiaHR0cHM6XC9cL29wZW5raXRjaGVuLmNvbS5iclwvZXZlbnRvcy1uby1pdGFpbS1nYXN0cm9ub21pYVwvd3AtY29udGVudFwvdXBsb2Fkc1wvMjAyM1wvMDhcL09wZW4tS2l0Y2hlbi0yMC0wMy0yMDI0LTM3Mi0yLmpwZyIsInNsaWRlc2hvdyI6IjJlOTQ5M2EifQ%3D%3D\" href=\"https:\/\/openkitchen.com.br\/eventos-no-itaim-gastronomia\/wp-content\/uploads\/2023\/08\/Open-Kitchen-20-03-2024-372-2.jpg\"><figure class=\"swiper-slide-inner\"><img decoding=\"async\" class=\"swiper-slide-image\" src=\"https:\/\/openkitchen.com.br\/eventos-no-itaim-gastronomia\/wp-content\/uploads\/2023\/08\/Open-Kitchen-20-03-2024-372-2.jpg\" alt=\"Espa\u00e7o para Eventos Open Kitchen, cozinha integrada, ampla e descolada. Eventos no Itaim. Espa\u00e7o para Eventos Gastron\u00f4micos no Itaim\" \/><\/figure><\/a><\/div>\t\t\t<\/div>\n\t\t\t\t\t<\/div>\n\t\t\t\t\t\t<\/div>\n\t\t\t\t<\/div>\n\t\t\t\t<\/div>\n\t\t<div class=\"elementor-element elementor-element-b79ea85 e-con-full animated-fast e-flex elementor-invisible e-con e-child\" data-id=\"b79ea85\" data-element_type=\"container\" data-e-type=\"container\" data-settings=\"{&quot;animation&quot;:&quot;fadeInRight&quot;}\">\n\t\t\t\t<div class=\"elementor-element elementor-element-7dbdf49 elementor-widget elementor-widget-text-editor\" data-id=\"7dbdf49\" data-element_type=\"widget\" data-e-type=\"widget\" data-widget_type=\"text-editor.default\">\n\t\t\t\t<div class=\"elementor-widget-container\">\n\t\t\t\t\t\t\t\t\t<p class=\"p1\">Para inovar e surpreender os participantes, traga este desafio para a Open Kitchen, vamos criar um evento completo e diferente para sua necessidade. Temos sempre ativa uma vasta rede de marcas parceiras, fornecedores oficiais e colaboradores para atender bem a todos os detalhes.<\/p>\n<p><!-- \/wp:paragraph --><!-- wp:paragraph {\"className\":\"p1\"} --><\/p>\n<p class=\"p1\">O espa\u00e7o tamb\u00e9m pode funcionar apenas como loca\u00e7\u00e3o e voc\u00ea pode trazer todo o conte\u00fado. Escolha o buffet ou o chef de sua prefer\u00eancia, traga seus parceiros para a ocasi\u00e3o e convide seus clientes.<\/p>\n<p>Temos disponibilidade para qualquer dia da semana em todos os per\u00edodos.<\/p>\n<p><!-- \/wp:paragraph --><!-- wp:paragraph {\"className\":\"p1\"} --><\/p>\n<p class=\"p1\">A Open Kitchen fica na Rua Ministro Jesu\u00edno Cardoso, 157 &#8211; Itaim Bibi\/Vila Nova Concei\u00e7\u00e3o &#8211; S\u00e3o Paulo &#8211; SP.<\/p>\n<p><!-- \/wp:paragraph --><!-- wp:paragraph {\"className\":\"p1\"} --><\/p>\n<p class=\"p1\">Consulte, fa\u00e7a uma solicita\u00e7\u00e3o atrav\u00e9s do nosso formul\u00e1rio. #weareopen<\/p>\t\t\t\t\t\t\t\t<\/div>\n\t\t\t\t<\/div>\n\t\t\t\t<\/div>\n\t\t\t\t<\/div>\n\t\t\t\t<\/div>\n\t\t","protected":false},"excerpt":{"rendered":"<p>https:\/\/www.youtube.com\/watch?v=L8PvwBab7Kc&#038;t=3s Eventos Especiais que v\u00e3o surpreender os seus convidados. Nossa dica para voc\u00ea alcan\u00e7ar excelentes resultados com seus convidados \u00e9 programar cuidadosamente seus eventos, com anteced\u00eancia. Detalhes importantes e projetos especiais precisam de tempo e dedica\u00e7\u00e3o para ficarem perfeitos. Por\u00e9m, nem sempre vivemos no &#8220;mundo ideal&#8221;, por isso, se for necess\u00e1rio, a Open Kitchen te [&hellip;]<\/p>\n","protected":false},"author":2,"featured_media":1001,"comment_status":"closed","ping_status":"open","sticky":true,"template":"elementor_header_footer","format":"standard","meta":{"footnotes":""},"categories":[3,5],"tags":[88,81,82,44,69,25,80,64,57,56],"class_list":["post-543","post","type-post","status-publish","format-standard","has-post-thumbnail","hentry","category-conceito-open-kitchen","category-eventos-open-kitchen-2","tag-aula-show","tag-cozinha-aberta","tag-cozinha-gourmet","tag-espaco-de-eventos","tag-eventos","tag-eventos-corporativos","tag-eventos-itaim","tag-eventos-sociais","tag-foodporn","tag-gourmet"],"jetpack_featured_media_url":"https:\/\/openkitchen.com.br\/eventos-no-itaim-gastronomia\/wp-content\/uploads\/2023\/08\/ParedeTijolos_OpenKitchen.jpg","_links":{"self":[{"href":"https:\/\/openkitchen.com.br\/eventos-no-itaim-gastronomia\/wp-json\/wp\/v2\/posts\/543","targetHints":{"allow":["GET"]}}],"collection":[{"href":"https:\/\/openkitchen.com.br\/eventos-no-itaim-gastronomia\/wp-json\/wp\/v2\/posts"}],"about":[{"href":"https:\/\/openkitchen.com.br\/eventos-no-itaim-gastronomia\/wp-json\/wp\/v2\/types\/post"}],"author":[{"embeddable":true,"href":"https:\/\/openkitchen.com.br\/eventos-no-itaim-gastronomia\/wp-json\/wp\/v2\/users\/2"}],"replies":[{"embeddable":true,"href":"https:\/\/openkitchen.com.br\/eventos-no-itaim-gastronomia\/wp-json\/wp\/v2\/comments?post=543"}],"version-history":[{"count":66,"href":"https:\/\/openkitchen.com.br\/eventos-no-itaim-gastronomia\/wp-json\/wp\/v2\/posts\/543\/revisions"}],"predecessor-version":[{"id":2030,"href":"https:\/\/openkitchen.com.br\/eventos-no-itaim-gastronomia\/wp-json\/wp\/v2\/posts\/543\/revisions\/2030"}],"wp:featuredmedia":[{"embeddable":true,"href":"https:\/\/openkitchen.com.br\/eventos-no-itaim-gastronomia\/wp-json\/wp\/v2\/media\/1001"}],"wp:attachment":[{"href":"https:\/\/openkitchen.com.br\/eventos-no-itaim-gastronomia\/wp-json\/wp\/v2\/media?parent=543"}],"wp:term":[{"taxonomy":"category","embeddable":true,"href":"https:\/\/openkitchen.com.br\/eventos-no-itaim-gastronomia\/wp-json\/wp\/v2\/categories?post=543"},{"taxonomy":"post_tag","embeddable":true,"href":"https:\/\/openkitchen.com.br\/eventos-no-itaim-gastronomia\/wp-json\/wp\/v2\/tags?post=543"}],"curies":[{"name":"wp","href":"https:\/\/api.w.org\/{rel}","templated":true}]}}