{"id":34,"date":"2016-04-14T17:59:47","date_gmt":"2016-04-14T17:59:47","guid":{"rendered":"https:\/\/openkitchen.com.br\/eventos-no-itaim-gastronomia\/?p=34"},"modified":"2024-10-05T16:14:05","modified_gmt":"2024-10-05T19:14:05","slug":"reuniao-de-negocios","status":"publish","type":"post","link":"https:\/\/openkitchen.com.br\/eventos-no-itaim-gastronomia\/reuniao-de-negocios\/","title":{"rendered":"Reuni\u00f5es de Neg\u00f3cios privativas, fuja do comum."},"content":{"rendered":"<h1>Reuni\u00e3o de Neg\u00f3cios<\/h1>\n<p class=\"p1\">Reuni\u00e3o de neg\u00f3cios &#8211; quando se trata de discutir neg\u00f3cios, a privacidade e a discri\u00e7\u00e3o s\u00e3o fundamentais. Pensando nisso, v\u00e1rias empresas t\u00eam encontrado em nosso espa\u00e7o de eventos no Itaim uma solu\u00e7\u00e3o ideal para realizar suas reuni\u00f5es estrat\u00e9gicas.<\/p>\n<p class=\"p1\">Com uma localiza\u00e7\u00e3o privilegiada \u00a0e de f\u00e1cil acesso, a Open Kitchen comporta at\u00e9 40 pessoas confortavelmente sentadas em um ambiente com p\u00e9 direito alto, parede de tijolos aparentes, m\u00f3veis que valorizam a simplicidade, o bom gosto e fazem seus convidados se sentirem em casa. Uma Smartv de 46\u201d, TV a cabo, Internet wi-fi,<span class=\"Apple-converted-space\">\u00a0 <\/span>sistema de som e ar-condicionado completam a vers\u00e1til estrutura da casa.<\/p>\n<p class=\"p1\">S\u00e3o reuni\u00f5es de dia inteiro, jantares ou almo\u00e7os aonde o ambiente e a arquitetura privilegiam a intera\u00e7\u00e3o entre os convidados. Temos v\u00e1rios formatos de servi\u00e7o que utilizam a nossa cozinha gourmet como base para criar experi\u00eancias inesquec\u00edveis. Se preferir, voc\u00ea pode produzir o seu pr\u00f3prio conte\u00fado e contratar diretamente um o chef ou buffet.<\/p>\n<p><iframe style=\"border: 0;\" src=\"https:\/\/www.google.com\/maps\/embed?pb=!1m18!1m12!1m3!1d3656.3441313046337!2d-46.68148454926801!3d-23.59198806853433!2m3!1f0!2f0!3f0!3m2!1i1024!2i768!4f13.1!3m3!1m2!1s0x94ce575aa5c36a1f%3A0x7d0fc125acdd474a!2sR.+Min.+Jesu%C3%ADno+Cardoso%2C+157+-+Vila+Nova+Concei%C3%A7%C3%A3o%2C+S%C3%A3o+Paulo+-+SP%2C+04544-050!5e0!3m2!1sen!2sbr!4v1461035776556\" width=\"600\" height=\"450\" frameborder=\"0\" allowfullscreen=\"allowfullscreen\"><\/iframe><\/p>\n<p class=\"p1\">Open Kitchen: uma maneira criativa de transformar suas reuni\u00f5es de neg\u00f3cios experi\u00eancias deliciosas<span class=\"s1\">.<\/span><\/p>\n<p class=\"p1\"><strong>Clique nos bot\u00f5es abaixo, visite o site oficial ou entre em contato:<\/strong><\/p>\n<p><a href=\"http:\/\/openkitchen.com.br\/siteinstitucional\/\"><img fetchpriority=\"high\" decoding=\"async\" class=\"alignnone wp-image-424 size-full\" src=\"https:\/\/openkitchen.com.br\/eventos-no-itaim-gastronomia\/wp-content\/uploads\/2016\/05\/SiteInstitucional_OpenKitchen.jpg\" width=\"276\" height=\"184\" \/><\/a>\u00a0 \u00a0 \u00a0 \u00a0<a href=\"http:\/\/openkitchen.com.br\/siteinstitucional\/reserve-sua-data\"><img decoding=\"async\" class=\"alignnone wp-image-422 size-full\" src=\"https:\/\/openkitchen.com.br\/eventos-no-itaim-gastronomia\/wp-content\/uploads\/2016\/05\/FaleConosco_OpenKitchen.jpg\" width=\"276\" height=\"184\" \/><\/a><\/p>\n","protected":false},"excerpt":{"rendered":"<p>Reuni\u00e3o de Neg\u00f3cios Reuni\u00e3o de neg\u00f3cios &#8211; quando se trata de discutir neg\u00f3cios, a privacidade e a discri\u00e7\u00e3o s\u00e3o fundamentais. Pensando nisso, v\u00e1rias empresas t\u00eam encontrado em nosso espa\u00e7o de eventos no Itaim uma solu\u00e7\u00e3o ideal para realizar suas reuni\u00f5es estrat\u00e9gicas. Com uma localiza\u00e7\u00e3o privilegiada \u00a0e de f\u00e1cil acesso, a Open Kitchen comporta at\u00e9 40 [&hellip;]<\/p>\n","protected":false},"author":2,"featured_media":35,"comment_status":"closed","ping_status":"open","sticky":false,"template":"","format":"standard","meta":{"footnotes":""},"categories":[6,5],"tags":[],"class_list":["post-34","post","type-post","status-publish","format-standard","has-post-thumbnail","hentry","category-conteudo-open-kitchen","category-eventos-open-kitchen-2"],"jetpack_featured_media_url":"https:\/\/openkitchen.com.br\/eventos-no-itaim-gastronomia\/wp-content\/uploads\/2016\/04\/bx_OK_ambiente07_OpenKitchen.jpg","_links":{"self":[{"href":"https:\/\/openkitchen.com.br\/eventos-no-itaim-gastronomia\/wp-json\/wp\/v2\/posts\/34","targetHints":{"allow":["GET"]}}],"collection":[{"href":"https:\/\/openkitchen.com.br\/eventos-no-itaim-gastronomia\/wp-json\/wp\/v2\/posts"}],"about":[{"href":"https:\/\/openkitchen.com.br\/eventos-no-itaim-gastronomia\/wp-json\/wp\/v2\/types\/post"}],"author":[{"embeddable":true,"href":"https:\/\/openkitchen.com.br\/eventos-no-itaim-gastronomia\/wp-json\/wp\/v2\/users\/2"}],"replies":[{"embeddable":true,"href":"https:\/\/openkitchen.com.br\/eventos-no-itaim-gastronomia\/wp-json\/wp\/v2\/comments?post=34"}],"version-history":[{"count":11,"href":"https:\/\/openkitchen.com.br\/eventos-no-itaim-gastronomia\/wp-json\/wp\/v2\/posts\/34\/revisions"}],"predecessor-version":[{"id":1416,"href":"https:\/\/openkitchen.com.br\/eventos-no-itaim-gastronomia\/wp-json\/wp\/v2\/posts\/34\/revisions\/1416"}],"wp:featuredmedia":[{"embeddable":true,"href":"https:\/\/openkitchen.com.br\/eventos-no-itaim-gastronomia\/wp-json\/wp\/v2\/media\/35"}],"wp:attachment":[{"href":"https:\/\/openkitchen.com.br\/eventos-no-itaim-gastronomia\/wp-json\/wp\/v2\/media?parent=34"}],"wp:term":[{"taxonomy":"category","embeddable":true,"href":"https:\/\/openkitchen.com.br\/eventos-no-itaim-gastronomia\/wp-json\/wp\/v2\/categories?post=34"},{"taxonomy":"post_tag","embeddable":true,"href":"https:\/\/openkitchen.com.br\/eventos-no-itaim-gastronomia\/wp-json\/wp\/v2\/tags?post=34"}],"curies":[{"name":"wp","href":"https:\/\/api.w.org\/{rel}","templated":true}]}}