{"id":31,"date":"2016-02-10T17:52:23","date_gmt":"2016-02-10T17:52:23","guid":{"rendered":"https:\/\/openkitchen.com.br\/eventos-no-itaim-gastronomia\/?p=31"},"modified":"2025-07-10T14:42:28","modified_gmt":"2025-07-10T17:42:28","slug":"movimento-foodporn","status":"publish","type":"post","link":"https:\/\/openkitchen.com.br\/eventos-no-itaim-gastronomia\/movimento-foodporn\/","title":{"rendered":"Gastronomia em Alta &#8211;  #foodporn"},"content":{"rendered":"\t\t<div data-elementor-type=\"wp-post\" data-elementor-id=\"31\" class=\"elementor elementor-31\" data-elementor-post-type=\"post\">\n\t\t\t\t<div class=\"elementor-element elementor-element-9012446 e-con-full animated-fast e-flex elementor-invisible e-con e-parent\" data-id=\"9012446\" data-element_type=\"container\" data-e-type=\"container\" data-settings=\"{&quot;animation&quot;:&quot;fadeInUp&quot;,&quot;background_background&quot;:&quot;classic&quot;}\">\n\t\t\t\t<div class=\"elementor-element elementor-element-64aacfc elementor-widget elementor-widget-theme-post-title elementor-page-title elementor-widget-heading\" data-id=\"64aacfc\" data-element_type=\"widget\" data-e-type=\"widget\" data-widget_type=\"theme-post-title.default\">\n\t\t\t\t<div class=\"elementor-widget-container\">\n\t\t\t\t\t<h1 class=\"elementor-heading-title elementor-size-default\">Gastronomia em Alta &#8211;  #foodporn<\/h1>\t\t\t\t<\/div>\n\t\t\t\t<\/div>\n\t\t\t\t<\/div>\n\t\t<div class=\"elementor-element elementor-element-0f91814 e-con-full e-flex e-con e-parent\" data-id=\"0f91814\" data-element_type=\"container\" data-e-type=\"container\">\n\t\t<div class=\"elementor-element elementor-element-b320113 e-con-full animated-fast e-flex elementor-invisible e-con e-child\" data-id=\"b320113\" data-element_type=\"container\" data-e-type=\"container\" data-settings=\"{&quot;animation&quot;:&quot;fadeInLeft&quot;}\">\n\t\t\t\t<div class=\"elementor-element elementor-element-af6d050 elementor-widget elementor-widget-video\" data-id=\"af6d050\" data-element_type=\"widget\" data-e-type=\"widget\" data-settings=\"{&quot;youtube_url&quot;:&quot;https:\\\/\\\/www.youtube.com\\\/watch?v=L8PvwBab7Kc&amp;t=3s&quot;,&quot;video_type&quot;:&quot;youtube&quot;,&quot;controls&quot;:&quot;yes&quot;}\" data-widget_type=\"video.default\">\n\t\t\t\t<div class=\"elementor-widget-container\">\n\t\t\t\t\t\t\t<div class=\"elementor-wrapper elementor-open-inline\">\n\t\t\t<div class=\"elementor-video\"><\/div>\t\t<\/div>\n\t\t\t\t\t\t<\/div>\n\t\t\t\t<\/div>\n\t\t\t\t<\/div>\n\t\t<div class=\"elementor-element elementor-element-464995d e-con-full animated-fast e-flex elementor-invisible e-con e-child\" data-id=\"464995d\" data-element_type=\"container\" data-e-type=\"container\" data-settings=\"{&quot;animation&quot;:&quot;fadeInRight&quot;}\">\n\t\t\t\t<div class=\"elementor-element elementor-element-43a8f43 elementor-widget elementor-widget-text-editor\" data-id=\"43a8f43\" data-element_type=\"widget\" data-e-type=\"widget\" data-widget_type=\"text-editor.default\">\n\t\t\t\t<div class=\"elementor-widget-container\">\n\t\t\t\t\t\t\t\t\t<h2>Gastronomia em Alta &#8211; FoodPorn<\/h2><p>Estamos na era do movimento &#8220;foodporn&#8221;. Cada vez mais as pessoas consomem produtos relacionados ao universo da gastronomia. Seja em fotos nas redes sociais, blogs, v\u00eddeos no youtube ou programas televisivos, h\u00e1 um grande apetite para consumir este tipo de conte\u00fado.<\/p><p class=\"p1\">No Brasil a hist\u00f3ria n\u00e3o \u00e9 diferente. Apenas no canal pago GNT, s\u00e3o cerca de 18 programas que giram em torno do tema sendo a esmagadora maioria produzida no pr\u00f3prio Pa\u00eds. N\u00e3o importa se s\u00e3o reality shows capazes de catapultar pessoas que t\u00eam talento para culin\u00e1ria ao estrelato ou programas de receitas caseiras.<\/p>\t\t\t\t\t\t\t\t<\/div>\n\t\t\t\t<\/div>\n\t\t\t\t<\/div>\n\t\t\t\t<\/div>\n\t\t<div class=\"elementor-element elementor-element-7519ec1 e-con-full e-flex e-con e-parent\" data-id=\"7519ec1\" data-element_type=\"container\" data-e-type=\"container\">\n\t\t<div class=\"elementor-element elementor-element-b5a279f e-con-full animated-fast e-flex elementor-invisible e-con e-child\" data-id=\"b5a279f\" data-element_type=\"container\" data-e-type=\"container\" data-settings=\"{&quot;animation&quot;:&quot;fadeInLeft&quot;}\">\n\t\t\t\t<div class=\"elementor-element elementor-element-437b0b0 elementor--h-position-center elementor--v-position-middle elementor-arrows-position-inside elementor-pagination-position-inside elementor-widget elementor-widget-slides\" data-id=\"437b0b0\" data-element_type=\"widget\" data-e-type=\"widget\" data-settings=\"{&quot;navigation&quot;:&quot;both&quot;,&quot;autoplay&quot;:&quot;yes&quot;,&quot;pause_on_hover&quot;:&quot;yes&quot;,&quot;pause_on_interaction&quot;:&quot;yes&quot;,&quot;autoplay_speed&quot;:5000,&quot;infinite&quot;:&quot;yes&quot;,&quot;transition&quot;:&quot;slide&quot;,&quot;transition_speed&quot;:500}\" data-widget_type=\"slides.default\">\n\t\t\t\t<div class=\"elementor-widget-container\">\n\t\t\t\t\t\t\t\t\t<div class=\"elementor-swiper\">\n\t\t\t\t\t<div class=\"elementor-slides-wrapper elementor-main-swiper swiper\" role=\"region\" aria-roledescription=\"carousel\" aria-label=\"Slides\" dir=\"ltr\" data-animation=\"fadeInUp\">\n\t\t\t\t<div class=\"swiper-wrapper elementor-slides\">\n\t\t\t\t\t\t\t\t\t\t<div class=\"elementor-repeater-item-466f9da swiper-slide\" role=\"group\" aria-roledescription=\"slide\"><div class=\"swiper-slide-bg elementor-ken-burns elementor-ken-burns--in\" role=\"img\" aria-label=\"Open Kitchen - Cozinha Aberta\"><\/div><div class=\"swiper-slide-inner\" ><div class=\"swiper-slide-contents\"><\/div><\/div><\/div>\t\t\t\t<\/div>\n\t\t\t\t\t\t\t<\/div>\n\t\t\t\t<\/div>\n\t\t\t\t\t\t\t\t<\/div>\n\t\t\t\t<\/div>\n\t\t\t\t<\/div>\n\t\t<div class=\"elementor-element elementor-element-18dde5d e-con-full animated-fast e-flex elementor-invisible e-con e-child\" data-id=\"18dde5d\" data-element_type=\"container\" data-e-type=\"container\" data-settings=\"{&quot;animation&quot;:&quot;fadeInRight&quot;}\">\n\t\t\t\t<div class=\"elementor-element elementor-element-3cbe6ec elementor-widget elementor-widget-text-editor\" data-id=\"3cbe6ec\" data-element_type=\"widget\" data-e-type=\"widget\" data-widget_type=\"text-editor.default\">\n\t\t\t\t<div class=\"elementor-widget-container\">\n\t\t\t\t\t\t\t\t\t<p class=\"p1\">O grande sucesso de franquias como Masterchef<span class=\"Apple-converted-space\">\u00a0 <\/span>\u00e9 um dos melhores exemplos desta onda que veio para ficar. O programa \u00e9 a maior audi\u00eancia da Band em dez anos e j\u00e1 est\u00e1 em sua terceira temporada no Brasil. O Masterchef Junior tamb\u00e9m segue os passos do irm\u00e3o mais velho e parte para a sua segunda temporada em 2016.<\/p><p class=\"p1\">No Youtube Brasil a hist\u00f3ria se repete. Bons exemplos de popularidade no Pa\u00eds s\u00e3o os canais BBK em Casa, Cozinha para 2,<span class=\"Apple-converted-space\">\u00a0 <\/span>Danielle Noce e Ana Maria Brogui. Este \u00faltimo, comandado por Caio Novaes,<span class=\"Apple-converted-space\">\u00a0 <\/span>possui mais de 1.600.000 inscritos.<\/p>\t\t\t\t\t\t\t\t<\/div>\n\t\t\t\t<\/div>\n\t\t\t\t<\/div>\n\t\t\t\t<\/div>\n\t\t<div class=\"elementor-element elementor-element-99a8918 e-con-full e-flex e-con e-parent\" data-id=\"99a8918\" data-element_type=\"container\" data-e-type=\"container\">\n\t\t<div class=\"elementor-element elementor-element-6079ef5 e-con-full animated-fast e-flex elementor-invisible e-con e-child\" data-id=\"6079ef5\" data-element_type=\"container\" data-e-type=\"container\" data-settings=\"{&quot;animation&quot;:&quot;fadeInRight&quot;}\">\n\t\t\t\t<div class=\"elementor-element elementor-element-fbe9140 elementor--v-position-bottom elementor--h-position-center elementor-arrows-position-inside elementor-pagination-position-inside elementor-widget elementor-widget-slides\" data-id=\"fbe9140\" data-element_type=\"widget\" data-e-type=\"widget\" data-settings=\"{&quot;navigation&quot;:&quot;both&quot;,&quot;autoplay&quot;:&quot;yes&quot;,&quot;pause_on_hover&quot;:&quot;yes&quot;,&quot;pause_on_interaction&quot;:&quot;yes&quot;,&quot;autoplay_speed&quot;:5000,&quot;infinite&quot;:&quot;yes&quot;,&quot;transition&quot;:&quot;slide&quot;,&quot;transition_speed&quot;:500}\" data-widget_type=\"slides.default\">\n\t\t\t\t<div class=\"elementor-widget-container\">\n\t\t\t\t\t\t\t\t\t<div class=\"elementor-swiper\">\n\t\t\t\t\t<div class=\"elementor-slides-wrapper elementor-main-swiper swiper\" role=\"region\" aria-roledescription=\"carousel\" aria-label=\"Slides\" dir=\"ltr\" data-animation=\"fadeInUp\">\n\t\t\t\t<div class=\"swiper-wrapper elementor-slides\">\n\t\t\t\t\t\t\t\t\t\t<div class=\"elementor-repeater-item-466f9da swiper-slide\" role=\"group\" aria-roledescription=\"slide\"><div class=\"swiper-slide-bg elementor-ken-burns elementor-ken-burns--in\" role=\"img\" aria-label=\"Eventos Corporativos - Open Kitchen\"><\/div><div class=\"swiper-slide-inner\" ><div class=\"swiper-slide-contents\"><\/div><\/div><\/div>\t\t\t\t<\/div>\n\t\t\t\t\t\t\t<\/div>\n\t\t\t\t<\/div>\n\t\t\t\t\t\t\t\t<\/div>\n\t\t\t\t<\/div>\n\t\t\t\t<\/div>\n\t\t<div class=\"elementor-element elementor-element-05735f3 e-con-full animated-fast e-flex elementor-invisible e-con e-child\" data-id=\"05735f3\" data-element_type=\"container\" data-e-type=\"container\" data-settings=\"{&quot;animation&quot;:&quot;fadeInRight&quot;}\">\n\t\t\t\t<div class=\"elementor-element elementor-element-52a1fd5 elementor-widget elementor-widget-text-editor\" data-id=\"52a1fd5\" data-element_type=\"widget\" data-e-type=\"widget\" data-widget_type=\"text-editor.default\">\n\t\t\t\t<div class=\"elementor-widget-container\">\n\t\t\t\t\t\t\t\t\t<p class=\"p1\">Isto n\u00e3o quer dizer necessariamente que todo mundo passou a cozinhar de uma hora para outra, mas as conversas em torno da cozinha parecem ter se intensificado nos \u00faltimos tempos. Mesmo quem n\u00e3o se arrisca nas panelas, gosta de estar pr\u00f3ximo daqueles que cozinham, sejam profissionais ou amadores.<\/p><p class=\"p1\">Este movimento n\u00e3o \u00e9 isolado (foodporn). Os cursos livres voltados para o tema bem como os cursos que formam os Chefs, Sommeliers, Baristas, Mixologistas, entre outras especialidades t\u00eam se multiplicado nos \u00faltimos 10 anos. O interessante \u00e9 que n\u00f3s nunca falamos tanto sobre o tema como agora.<\/p>\t\t\t\t\t\t\t\t<\/div>\n\t\t\t\t<\/div>\n\t\t\t\t<\/div>\n\t\t\t\t<\/div>\n\t\t<div class=\"elementor-element elementor-element-56662a9 e-con-full e-flex e-con e-parent\" data-id=\"56662a9\" data-element_type=\"container\" data-e-type=\"container\">\n\t\t<div class=\"elementor-element elementor-element-8f7e05b e-con-full animated-fast e-flex elementor-invisible e-con e-child\" data-id=\"8f7e05b\" data-element_type=\"container\" data-e-type=\"container\" data-settings=\"{&quot;animation&quot;:&quot;fadeInLeft&quot;}\">\n\t\t\t\t<div class=\"elementor-element elementor-element-cff10a2 elementor--h-position-center elementor--v-position-middle elementor-arrows-position-inside elementor-pagination-position-inside elementor-widget elementor-widget-slides\" data-id=\"cff10a2\" data-element_type=\"widget\" data-e-type=\"widget\" data-settings=\"{&quot;navigation&quot;:&quot;both&quot;,&quot;autoplay&quot;:&quot;yes&quot;,&quot;pause_on_hover&quot;:&quot;yes&quot;,&quot;pause_on_interaction&quot;:&quot;yes&quot;,&quot;autoplay_speed&quot;:5000,&quot;infinite&quot;:&quot;yes&quot;,&quot;transition&quot;:&quot;slide&quot;,&quot;transition_speed&quot;:500}\" data-widget_type=\"slides.default\">\n\t\t\t\t<div class=\"elementor-widget-container\">\n\t\t\t\t\t\t\t\t\t<div class=\"elementor-swiper\">\n\t\t\t\t\t<div class=\"elementor-slides-wrapper elementor-main-swiper swiper\" role=\"region\" aria-roledescription=\"carousel\" aria-label=\"Slides\" dir=\"ltr\" data-animation=\"fadeInUp\">\n\t\t\t\t<div class=\"swiper-wrapper elementor-slides\">\n\t\t\t\t\t\t\t\t\t\t<div class=\"elementor-repeater-item-466f9da swiper-slide\" role=\"group\" aria-roledescription=\"slide\"><div class=\"swiper-slide-bg elementor-ken-burns elementor-ken-burns--in\"><\/div><div class=\"swiper-slide-inner\" ><div class=\"swiper-slide-contents\"><\/div><\/div><\/div>\t\t\t\t<\/div>\n\t\t\t\t\t\t\t<\/div>\n\t\t\t\t<\/div>\n\t\t\t\t\t\t\t\t<\/div>\n\t\t\t\t<\/div>\n\t\t\t\t<\/div>\n\t\t<div class=\"elementor-element elementor-element-e7151b4 e-con-full animated-fast e-flex elementor-invisible e-con e-child\" data-id=\"e7151b4\" data-element_type=\"container\" data-e-type=\"container\" data-settings=\"{&quot;animation&quot;:&quot;fadeInRight&quot;}\">\n\t\t\t\t<div class=\"elementor-element elementor-element-a8f8910 elementor-widget elementor-widget-text-editor\" data-id=\"a8f8910\" data-element_type=\"widget\" data-e-type=\"widget\" data-widget_type=\"text-editor.default\">\n\t\t\t\t<div class=\"elementor-widget-container\">\n\t\t\t\t\t\t\t\t\t<p>O nosso espa\u00e7o de eventos no Itaim recebe com frequ\u00eancia eventos corporativos e sociais com chefs renomados e amadores. Al\u00e9m disto, o nosso ambiente \u00e9 perfeito para produ\u00e7\u00e3o de filmagens e aulas voltadas para o mundo da gastronomia.\u00a0<\/p><p>J\u00e1 recebemos diversos protagonistas talentosos deste universo gastron\u00f4mico tais como: Renata Vanzeto, Erick Jacquin, Claude Troisgros, Rodolfo de Santis, Alessandro Segato, Carla Pernambuco, Renato Carioni, Dalton Rangel, Guga Rocha, Jo\u00e3o Alcantra,<span class=\"Apple-converted-space\">\u00a0 <\/span>Pedro Benoliel, Luiza Hoffmann, Ricardo Bonomi, Rafael Despirite, Gabriel Daniel, Fred Frank, Mariana Rios, Victor Vasconcelos, Adriana Cymes, Tat\u00e1 Cury, Daniela Fran\u00e7a, Carol Cicone, Marcos Lee, Luiza Zaidan, Bruna Leite,<span class=\"Apple-converted-space\">\u00a0 <\/span>Jorge Boratto, Vin\u00edcius Rojo, Raul Lemos, Catherine Venazzi, Ipe Aranha, Felipe Rodrigues, Cabral dos Vinhos.<\/p>\t\t\t\t\t\t\t\t<\/div>\n\t\t\t\t<\/div>\n\t\t\t\t<\/div>\n\t\t\t\t<\/div>\n\t\t<div class=\"elementor-element elementor-element-62ab9ec e-flex e-con-boxed e-con e-parent\" data-id=\"62ab9ec\" data-element_type=\"container\" data-e-type=\"container\">\n\t\t\t\t\t<div class=\"e-con-inner\">\n\t\t\t\t<div class=\"elementor-element elementor-element-398a345 elementor-widget elementor-widget-text-editor\" data-id=\"398a345\" data-element_type=\"widget\" data-e-type=\"widget\" data-widget_type=\"text-editor.default\">\n\t\t\t\t<div class=\"elementor-widget-container\">\n\t\t\t\t\t\t\t\t\t<p class=\"p1\">O nossa cozinha gourmet, \u201cpalco\u201d dos eventos realizados na casa,<span class=\"Apple-converted-space\">\u00a0<\/span>possui:<\/p><p class=\"p1\">&#8211; 02 Refrigeradores<\/p><p class=\"p1\">&#8211; 01 Forno Convencional<\/p><p class=\"p1\">&#8211; 01 Forno El\u00e9trico<\/p><p class=\"p1\">&#8211; 02 Fog\u00f5es de mesa com 05 bocas &#8211; ideal para o modelo &#8220;foodporn&#8221;<\/p><p class=\"p1\">&#8211; Panelas e frigideiras<\/p><p class=\"p1\">&#8211; Travessas e Bowls<\/p><p class=\"p1\">&#8211; Utens\u00edlios<\/p><p class=\"p1\">Adicionalmente, temos uma cozinha de apoio com os seguintes equipamentos:<br \/><span class=\"s1\"><br \/><\/span>&#8211; 01 Fog\u00e3o industrial de baixa press\u00e3o com 06 bocas e forno.<\/p><p class=\"p1\">&#8211; 01 Charbroil<\/p><p class=\"p1\">&#8211; 01 Fritadeira<\/p><p class=\"p1\">&#8211; 01 Freezer horizontal<\/p><p class=\"p1\">&#8211; Bancadas e pias para preparo e lavagem<\/p><p class=\"p1\">Fa\u00e7a como v\u00e1rias produtoras e empresas, alugue o nosso espa\u00e7o para realizar a sua filmagem, sess\u00e3o de fotos ou evento.<\/p>\t\t\t\t\t\t\t\t<\/div>\n\t\t\t\t<\/div>\n\t\t\t\t\t<\/div>\n\t\t\t\t<\/div>\n\t\t\t\t<\/div>\n\t\t","protected":false},"excerpt":{"rendered":"<p>https:\/\/www.youtube.com\/watch?v=L8PvwBab7Kc&#038;t=3s Gastronomia em Alta &#8211; FoodPorn Estamos na era do movimento &#8220;foodporn&#8221;. Cada vez mais as pessoas consomem produtos relacionados ao universo da gastronomia. Seja em fotos nas redes sociais, blogs, v\u00eddeos no youtube ou programas televisivos, h\u00e1 um grande apetite para consumir este tipo de conte\u00fado. No Brasil a hist\u00f3ria n\u00e3o \u00e9 diferente. Apenas [&hellip;]<\/p>\n","protected":false},"author":2,"featured_media":32,"comment_status":"closed","ping_status":"open","sticky":true,"template":"elementor_header_footer","format":"standard","meta":{"footnotes":""},"categories":[6,3],"tags":[],"class_list":["post-31","post","type-post","status-publish","format-standard","has-post-thumbnail","hentry","category-conteudo-open-kitchen","category-conceito-open-kitchen"],"jetpack_featured_media_url":"https:\/\/openkitchen.com.br\/eventos-no-itaim-gastronomia\/wp-content\/uploads\/2016\/04\/bx_Somtam_OpenKitchen.jpg","_links":{"self":[{"href":"https:\/\/openkitchen.com.br\/eventos-no-itaim-gastronomia\/wp-json\/wp\/v2\/posts\/31","targetHints":{"allow":["GET"]}}],"collection":[{"href":"https:\/\/openkitchen.com.br\/eventos-no-itaim-gastronomia\/wp-json\/wp\/v2\/posts"}],"about":[{"href":"https:\/\/openkitchen.com.br\/eventos-no-itaim-gastronomia\/wp-json\/wp\/v2\/types\/post"}],"author":[{"embeddable":true,"href":"https:\/\/openkitchen.com.br\/eventos-no-itaim-gastronomia\/wp-json\/wp\/v2\/users\/2"}],"replies":[{"embeddable":true,"href":"https:\/\/openkitchen.com.br\/eventos-no-itaim-gastronomia\/wp-json\/wp\/v2\/comments?post=31"}],"version-history":[{"count":33,"href":"https:\/\/openkitchen.com.br\/eventos-no-itaim-gastronomia\/wp-json\/wp\/v2\/posts\/31\/revisions"}],"predecessor-version":[{"id":2051,"href":"https:\/\/openkitchen.com.br\/eventos-no-itaim-gastronomia\/wp-json\/wp\/v2\/posts\/31\/revisions\/2051"}],"wp:featuredmedia":[{"embeddable":true,"href":"https:\/\/openkitchen.com.br\/eventos-no-itaim-gastronomia\/wp-json\/wp\/v2\/media\/32"}],"wp:attachment":[{"href":"https:\/\/openkitchen.com.br\/eventos-no-itaim-gastronomia\/wp-json\/wp\/v2\/media?parent=31"}],"wp:term":[{"taxonomy":"category","embeddable":true,"href":"https:\/\/openkitchen.com.br\/eventos-no-itaim-gastronomia\/wp-json\/wp\/v2\/categories?post=31"},{"taxonomy":"post_tag","embeddable":true,"href":"https:\/\/openkitchen.com.br\/eventos-no-itaim-gastronomia\/wp-json\/wp\/v2\/tags?post=31"}],"curies":[{"name":"wp","href":"https:\/\/api.w.org\/{rel}","templated":true}]}}