{"id":292,"date":"2016-05-27T20:04:41","date_gmt":"2016-05-27T20:04:41","guid":{"rendered":"https:\/\/openkitchen.com.br\/eventos-no-itaim-gastronomia\/?p=292"},"modified":"2025-07-10T14:38:02","modified_gmt":"2025-07-10T17:38:02","slug":"eventos-sociais","status":"publish","type":"post","link":"https:\/\/openkitchen.com.br\/eventos-no-itaim-gastronomia\/eventos-sociais\/","title":{"rendered":"Eventos Sociais na Melhor Localiza\u00e7\u00e3o de S\u00e3o Paulo"},"content":{"rendered":"\t\t<div data-elementor-type=\"wp-post\" data-elementor-id=\"292\" class=\"elementor elementor-292\" data-elementor-post-type=\"post\">\n\t\t\t\t<div class=\"elementor-element elementor-element-41750b2 e-con-full animated-fast e-flex elementor-invisible e-con e-parent\" data-id=\"41750b2\" data-element_type=\"container\" data-e-type=\"container\" data-settings=\"{&quot;animation&quot;:&quot;fadeInUp&quot;,&quot;background_background&quot;:&quot;classic&quot;}\">\n\t\t\t\t<div class=\"elementor-element elementor-element-0ffa8db elementor-widget elementor-widget-theme-post-title elementor-page-title elementor-widget-heading\" data-id=\"0ffa8db\" data-element_type=\"widget\" data-e-type=\"widget\" data-widget_type=\"theme-post-title.default\">\n\t\t\t\t<div class=\"elementor-widget-container\">\n\t\t\t\t\t<h1 class=\"elementor-heading-title elementor-size-default\">Eventos Sociais na Melhor Localiza\u00e7\u00e3o de S\u00e3o Paulo<\/h1>\t\t\t\t<\/div>\n\t\t\t\t<\/div>\n\t\t\t\t<\/div>\n\t\t<div class=\"elementor-element elementor-element-aa80c41 e-con-full e-flex e-con e-parent\" data-id=\"aa80c41\" data-element_type=\"container\" data-e-type=\"container\">\n\t\t<div class=\"elementor-element elementor-element-b09495f e-con-full animated-fast e-flex elementor-invisible e-con e-child\" data-id=\"b09495f\" data-element_type=\"container\" data-e-type=\"container\" data-settings=\"{&quot;animation&quot;:&quot;fadeInLeft&quot;}\">\n\t\t\t\t<div class=\"elementor-element elementor-element-6b07d93 elementor-widget elementor-widget-video\" data-id=\"6b07d93\" data-element_type=\"widget\" data-e-type=\"widget\" data-settings=\"{&quot;youtube_url&quot;:&quot;https:\\\/\\\/youtu.be\\\/L8PvwBab7Kc&quot;,&quot;video_type&quot;:&quot;youtube&quot;,&quot;controls&quot;:&quot;yes&quot;}\" data-widget_type=\"video.default\">\n\t\t\t\t<div class=\"elementor-widget-container\">\n\t\t\t\t\t\t\t<div class=\"elementor-wrapper elementor-open-inline\">\n\t\t\t<div class=\"elementor-video\"><\/div>\t\t<\/div>\n\t\t\t\t\t\t<\/div>\n\t\t\t\t<\/div>\n\t\t\t\t<\/div>\n\t\t<div class=\"elementor-element elementor-element-5c8fbf1 e-con-full animated-fast e-flex elementor-invisible e-con e-child\" data-id=\"5c8fbf1\" data-element_type=\"container\" data-e-type=\"container\" data-settings=\"{&quot;animation&quot;:&quot;fadeInRight&quot;}\">\n\t\t\t\t<div class=\"elementor-element elementor-element-1b9eace elementor-widget elementor-widget-heading\" data-id=\"1b9eace\" data-element_type=\"widget\" data-e-type=\"widget\" data-widget_type=\"heading.default\">\n\t\t\t\t<div class=\"elementor-widget-container\">\n\t\t\t\t\t<h2 class=\"elementor-heading-title elementor-size-default\">Eventos Sociais em espa\u00e7o privilegiado no Itaim, S\u00e3o Paulo<\/h2>\t\t\t\t<\/div>\n\t\t\t\t<\/div>\n\t\t\t\t<div class=\"elementor-element elementor-element-8e7cb82 elementor-widget elementor-widget-text-editor\" data-id=\"8e7cb82\" data-element_type=\"widget\" data-e-type=\"widget\" data-widget_type=\"text-editor.default\">\n\t\t\t\t<div class=\"elementor-widget-container\">\n\t\t\t\t\t\t\t\t\t<p>Algumas datas s\u00e3o t\u00e3o importantes que quando n\u00e3o comemoramos entre os amigos e parentes, parece que perdem o sentido. A realidade de hoje deixa estes acontecimentos sempre em segundo plano, e por isso pensamos em novos formatos para atender diversos tipos de situa\u00e7\u00e3o afim de proporcionar \u00f3timas experi\u00eancias para voc\u00ea e seus convidades.<\/p><p>Para atender eventos sociais o nosso espa\u00e7o foi planejado para que voc\u00ea possa receber os convidados mais pr\u00f3ximos para aqueles momentos marcantes. Aqui, voc\u00ea recebe confortavelmente at\u00e9 40 pessoas sentadas ou 55 em modelo coquetel como se estivesse recebendo em sua pr\u00f3pria casa.<\/p>\t\t\t\t\t\t\t\t<\/div>\n\t\t\t\t<\/div>\n\t\t\t\t<\/div>\n\t\t\t\t<\/div>\n\t\t<div class=\"elementor-element elementor-element-2794637 e-con-full e-flex e-con e-parent\" data-id=\"2794637\" data-element_type=\"container\" data-e-type=\"container\">\n\t\t<div class=\"elementor-element elementor-element-f6f32a6 e-con-full animated-fast e-flex elementor-invisible e-con e-child\" data-id=\"f6f32a6\" data-element_type=\"container\" data-e-type=\"container\" data-settings=\"{&quot;animation&quot;:&quot;fadeInLeft&quot;}\">\n\t\t\t\t<div class=\"elementor-element elementor-element-ce48fe3 elementor--h-position-center elementor--v-position-middle elementor-arrows-position-inside elementor-pagination-position-inside elementor-widget elementor-widget-slides\" data-id=\"ce48fe3\" data-element_type=\"widget\" data-e-type=\"widget\" data-settings=\"{&quot;navigation&quot;:&quot;both&quot;,&quot;autoplay&quot;:&quot;yes&quot;,&quot;pause_on_hover&quot;:&quot;yes&quot;,&quot;pause_on_interaction&quot;:&quot;yes&quot;,&quot;autoplay_speed&quot;:5000,&quot;infinite&quot;:&quot;yes&quot;,&quot;transition&quot;:&quot;slide&quot;,&quot;transition_speed&quot;:500}\" data-widget_type=\"slides.default\">\n\t\t\t\t<div class=\"elementor-widget-container\">\n\t\t\t\t\t\t\t\t\t<div class=\"elementor-swiper\">\n\t\t\t\t\t<div class=\"elementor-slides-wrapper elementor-main-swiper swiper\" role=\"region\" aria-roledescription=\"carousel\" aria-label=\"Slides\" dir=\"ltr\" data-animation=\"fadeInUp\">\n\t\t\t\t<div class=\"swiper-wrapper elementor-slides\">\n\t\t\t\t\t\t\t\t\t\t<div class=\"elementor-repeater-item-466f9da swiper-slide\" role=\"group\" aria-roledescription=\"slide\"><div class=\"swiper-slide-bg elementor-ken-burns elementor-ken-burns--in\" role=\"img\" aria-label=\"reuni\u00e3o de neg\u00f3cios\"><\/div><div class=\"swiper-slide-inner\" ><div class=\"swiper-slide-contents\"><\/div><\/div><\/div>\t\t\t\t<\/div>\n\t\t\t\t\t\t\t<\/div>\n\t\t\t\t<\/div>\n\t\t\t\t\t\t\t\t<\/div>\n\t\t\t\t<\/div>\n\t\t\t\t<\/div>\n\t\t<div class=\"elementor-element elementor-element-7d19ac8 e-con-full animated-fast e-flex elementor-invisible e-con e-child\" data-id=\"7d19ac8\" data-element_type=\"container\" data-e-type=\"container\" data-settings=\"{&quot;animation&quot;:&quot;fadeInRight&quot;}\">\n\t\t\t\t<div class=\"elementor-element elementor-element-2fcc053 elementor-widget elementor-widget-text-editor\" data-id=\"2fcc053\" data-element_type=\"widget\" data-e-type=\"widget\" data-widget_type=\"text-editor.default\">\n\t\t\t\t<div class=\"elementor-widget-container\">\n\t\t\t\t\t\t\t\t\t<p>Festas de anivers\u00e1rios, batizados, pequenos casamentos, despedidas, reencontros, ch\u00e1 de beb\u00ea, ch\u00e1 bar. \u00a0Seja\u00a0\u00a0qual for a sua celebra\u00e7\u00e3o, na nossa casa voc\u00ea poder\u00e1 dar a devida aten\u00e7\u00e3o a todos os seus convidados em um ambiente que privilegia o conforto e divertimento das pessoas.<\/p><p>Em uma localiza\u00e7\u00e3o privilegiada e de f\u00e1cil acesso, a nossa casa possui uma \u00e1rea externa super aconchegante logo na entrada que pode ser utilizada entre outras coisas, para receber os seus convidados com um bar para quebrar o gelo no in\u00edcio dos eventos sociais.<\/p>\t\t\t\t\t\t\t\t<\/div>\n\t\t\t\t<\/div>\n\t\t\t\t<\/div>\n\t\t\t\t<\/div>\n\t\t<div class=\"elementor-element elementor-element-4cddd4e e-con-full e-flex e-con e-parent\" data-id=\"4cddd4e\" data-element_type=\"container\" data-e-type=\"container\">\n\t\t<div class=\"elementor-element elementor-element-6a64e28 e-con-full animated-fast e-flex elementor-invisible e-con e-child\" data-id=\"6a64e28\" data-element_type=\"container\" data-e-type=\"container\" data-settings=\"{&quot;animation&quot;:&quot;fadeInRight&quot;}\">\n\t\t\t\t<div class=\"elementor-element elementor-element-ad18651 elementor--v-position-bottom elementor--h-position-center elementor-arrows-position-inside elementor-pagination-position-inside elementor-widget elementor-widget-slides\" data-id=\"ad18651\" data-element_type=\"widget\" data-e-type=\"widget\" data-settings=\"{&quot;navigation&quot;:&quot;both&quot;,&quot;autoplay&quot;:&quot;yes&quot;,&quot;pause_on_hover&quot;:&quot;yes&quot;,&quot;pause_on_interaction&quot;:&quot;yes&quot;,&quot;autoplay_speed&quot;:5000,&quot;infinite&quot;:&quot;yes&quot;,&quot;transition&quot;:&quot;slide&quot;,&quot;transition_speed&quot;:500}\" data-widget_type=\"slides.default\">\n\t\t\t\t<div class=\"elementor-widget-container\">\n\t\t\t\t\t\t\t\t\t<div class=\"elementor-swiper\">\n\t\t\t\t\t<div class=\"elementor-slides-wrapper elementor-main-swiper swiper\" role=\"region\" aria-roledescription=\"carousel\" aria-label=\"Slides\" dir=\"ltr\" data-animation=\"fadeInUp\">\n\t\t\t\t<div class=\"swiper-wrapper elementor-slides\">\n\t\t\t\t\t\t\t\t\t\t<div class=\"elementor-repeater-item-466f9da swiper-slide\" role=\"group\" aria-roledescription=\"slide\"><div class=\"swiper-slide-bg elementor-ken-burns elementor-ken-burns--in\" role=\"img\" aria-label=\"Espa\u00e7o para Eventos Open Kitchen, cozinha integrada, ampla e descolada. Eventos no Itaim. Espa\u00e7o para Eventos Gastron\u00f4micos no Itaim\"><\/div><div class=\"swiper-slide-inner\" ><div class=\"swiper-slide-contents\"><\/div><\/div><\/div>\t\t\t\t<\/div>\n\t\t\t\t\t\t\t<\/div>\n\t\t\t\t<\/div>\n\t\t\t\t\t\t\t\t<\/div>\n\t\t\t\t<\/div>\n\t\t\t\t<\/div>\n\t\t<div class=\"elementor-element elementor-element-0d59799 e-con-full animated-fast e-flex elementor-invisible e-con e-child\" data-id=\"0d59799\" data-element_type=\"container\" data-e-type=\"container\" data-settings=\"{&quot;animation&quot;:&quot;fadeInRight&quot;}\">\n\t\t\t\t<div class=\"elementor-element elementor-element-a2e9560 elementor-widget elementor-widget-text-editor\" data-id=\"a2e9560\" data-element_type=\"widget\" data-e-type=\"widget\" data-widget_type=\"text-editor.default\">\n\t\t\t\t<div class=\"elementor-widget-container\">\n\t\t\t\t\t\t\t\t\t<p>A nossa cozinha gourmet \u00e9 localizada no meio do sal\u00e3o e \u00e9 ideal para que voc\u00ea interaja com seus convidados enquanto cuida pessoalmente de servi-los. Se preferir, voc\u00ea pode optar por uma vers\u00e3o completa dos nossos servi\u00e7os de comida e bebida, com um chef de alta gastronomia e staff qualificado.<\/p><p>Como o nosso espa\u00e7o \u00e9 bastante vers\u00e1til, al\u00e9m de servi\u00e7os tradicionais, temos v\u00e1rias op\u00e7\u00f5es de atividades interativas para que os seus convidados possam ter uma momentos \u00fanicos e exclusivos.<\/p><p>Consulte as\u00a0op\u00e7\u00f5es que oferecemos para eventos sociais e realize uma experi\u00eancia inesquec\u00edvel.<\/p><p>Quer trazer a sua empresa? Consulte nossas vers\u00f5es de <strong><a href=\"https:\/\/openkitchen.com.br\/eventos-no-itaim-gastronomia\/eventos-corporativos-em-sao-paulo\/\">eventos corporativos<\/a>.<\/strong><\/p><p>Open Kitchen | o seu evento social cheio de sabor e charme.<\/p>\t\t\t\t\t\t\t\t<\/div>\n\t\t\t\t<\/div>\n\t\t\t\t<\/div>\n\t\t\t\t<\/div>\n\t\t\t\t<\/div>\n\t\t","protected":false},"excerpt":{"rendered":"<p>Eventos Sociais em espa\u00e7o privilegiado no Itaim, S\u00e3o Paulo Algumas datas s\u00e3o t\u00e3o importantes que quando n\u00e3o comemoramos entre os amigos e parentes, parece que perdem o sentido. A realidade de hoje deixa estes acontecimentos sempre em segundo plano, e por isso pensamos em novos formatos para atender diversos tipos de situa\u00e7\u00e3o afim de proporcionar [&hellip;]<\/p>\n","protected":false},"author":2,"featured_media":260,"comment_status":"closed","ping_status":"open","sticky":true,"template":"elementor_header_footer","format":"standard","meta":{"footnotes":""},"categories":[3,5],"tags":[],"class_list":["post-292","post","type-post","status-publish","format-standard","has-post-thumbnail","hentry","category-conceito-open-kitchen","category-eventos-open-kitchen-2"],"jetpack_featured_media_url":"https:\/\/openkitchen.com.br\/eventos-no-itaim-gastronomia\/wp-content\/uploads\/2016\/04\/Cozinha_Foodporn_OpenKitchen.png","_links":{"self":[{"href":"https:\/\/openkitchen.com.br\/eventos-no-itaim-gastronomia\/wp-json\/wp\/v2\/posts\/292","targetHints":{"allow":["GET"]}}],"collection":[{"href":"https:\/\/openkitchen.com.br\/eventos-no-itaim-gastronomia\/wp-json\/wp\/v2\/posts"}],"about":[{"href":"https:\/\/openkitchen.com.br\/eventos-no-itaim-gastronomia\/wp-json\/wp\/v2\/types\/post"}],"author":[{"embeddable":true,"href":"https:\/\/openkitchen.com.br\/eventos-no-itaim-gastronomia\/wp-json\/wp\/v2\/users\/2"}],"replies":[{"embeddable":true,"href":"https:\/\/openkitchen.com.br\/eventos-no-itaim-gastronomia\/wp-json\/wp\/v2\/comments?post=292"}],"version-history":[{"count":55,"href":"https:\/\/openkitchen.com.br\/eventos-no-itaim-gastronomia\/wp-json\/wp\/v2\/posts\/292\/revisions"}],"predecessor-version":[{"id":2039,"href":"https:\/\/openkitchen.com.br\/eventos-no-itaim-gastronomia\/wp-json\/wp\/v2\/posts\/292\/revisions\/2039"}],"wp:featuredmedia":[{"embeddable":true,"href":"https:\/\/openkitchen.com.br\/eventos-no-itaim-gastronomia\/wp-json\/wp\/v2\/media\/260"}],"wp:attachment":[{"href":"https:\/\/openkitchen.com.br\/eventos-no-itaim-gastronomia\/wp-json\/wp\/v2\/media?parent=292"}],"wp:term":[{"taxonomy":"category","embeddable":true,"href":"https:\/\/openkitchen.com.br\/eventos-no-itaim-gastronomia\/wp-json\/wp\/v2\/categories?post=292"},{"taxonomy":"post_tag","embeddable":true,"href":"https:\/\/openkitchen.com.br\/eventos-no-itaim-gastronomia\/wp-json\/wp\/v2\/tags?post=292"}],"curies":[{"name":"wp","href":"https:\/\/api.w.org\/{rel}","templated":true}]}}