{"id":29,"date":"2016-04-09T17:43:21","date_gmt":"2016-04-09T17:43:21","guid":{"rendered":"https:\/\/openkitchen.com.br\/eventos-no-itaim-gastronomia\/?p=29"},"modified":"2025-07-10T14:39:48","modified_gmt":"2025-07-10T17:39:48","slug":"uma-tendencia-que-veio-pra-ficar","status":"publish","type":"post","link":"https:\/\/openkitchen.com.br\/eventos-no-itaim-gastronomia\/uma-tendencia-que-veio-pra-ficar\/","title":{"rendered":"Ambientes integrados com cozinha aberta &#8211; Espa\u00e7o de Eventos"},"content":{"rendered":"\t\t<div data-elementor-type=\"wp-post\" data-elementor-id=\"29\" class=\"elementor elementor-29\" data-elementor-post-type=\"post\">\n\t\t\t\t<div class=\"elementor-element elementor-element-4cb0dda e-con-full animated-fast e-flex elementor-invisible e-con e-parent\" data-id=\"4cb0dda\" data-element_type=\"container\" data-e-type=\"container\" data-settings=\"{&quot;animation&quot;:&quot;fadeInUp&quot;,&quot;background_background&quot;:&quot;classic&quot;}\">\n\t\t\t\t<div class=\"elementor-element elementor-element-0f2a320 elementor-widget elementor-widget-theme-post-title elementor-page-title elementor-widget-heading\" data-id=\"0f2a320\" data-element_type=\"widget\" data-e-type=\"widget\" data-widget_type=\"theme-post-title.default\">\n\t\t\t\t<div class=\"elementor-widget-container\">\n\t\t\t\t\t<h1 class=\"elementor-heading-title elementor-size-default\">Ambientes integrados com cozinha aberta &#8211; Espa\u00e7o de Eventos<\/h1>\t\t\t\t<\/div>\n\t\t\t\t<\/div>\n\t\t\t\t<\/div>\n\t\t<div class=\"elementor-element elementor-element-cc37d2e e-con-full e-flex e-con e-parent\" data-id=\"cc37d2e\" data-element_type=\"container\" data-e-type=\"container\">\n\t\t<div class=\"elementor-element elementor-element-a3c5694 e-con-full animated-fast e-flex elementor-invisible e-con e-child\" data-id=\"a3c5694\" data-element_type=\"container\" data-e-type=\"container\" data-settings=\"{&quot;animation&quot;:&quot;fadeInLeft&quot;}\">\n\t\t\t\t<div class=\"elementor-element elementor-element-1abaf7c elementor-widget elementor-widget-video\" data-id=\"1abaf7c\" data-element_type=\"widget\" data-e-type=\"widget\" data-settings=\"{&quot;youtube_url&quot;:&quot;https:\\\/\\\/youtu.be\\\/L8PvwBab7Kc&quot;,&quot;video_type&quot;:&quot;youtube&quot;,&quot;controls&quot;:&quot;yes&quot;}\" data-widget_type=\"video.default\">\n\t\t\t\t<div class=\"elementor-widget-container\">\n\t\t\t\t\t\t\t<div class=\"elementor-wrapper elementor-open-inline\">\n\t\t\t<div class=\"elementor-video\"><\/div>\t\t<\/div>\n\t\t\t\t\t\t<\/div>\n\t\t\t\t<\/div>\n\t\t\t\t<\/div>\n\t\t<div class=\"elementor-element elementor-element-71f167d e-con-full animated-fast e-flex elementor-invisible e-con e-child\" data-id=\"71f167d\" data-element_type=\"container\" data-e-type=\"container\" data-settings=\"{&quot;animation&quot;:&quot;fadeInRight&quot;}\">\n\t\t\t\t<div class=\"elementor-element elementor-element-8c93878 elementor-widget elementor-widget-text-editor\" data-id=\"8c93878\" data-element_type=\"widget\" data-e-type=\"widget\" data-widget_type=\"text-editor.default\">\n\t\t\t\t<div class=\"elementor-widget-container\">\n\t\t\t\t\t\t\t\t\t<h1>Espa\u00e7o de eventos ao redor de uma cozinha gourmet.<\/h1><p>No nosso espa\u00e7o de eventos a ideia central da Open Kitchen permite a intera\u00e7\u00e3o dos convidados com o chef, em uma atmosfera mais intimista baseada em um conceito que j\u00e1 se tornou uma tend\u00eancia na Europa e nos EUA<span class=\"s1\">.<\/span> Por isso, o\u00a0 nosso espa\u00e7o foi dimensionado ao redor da cozinha que \u00e9 totalmente integrada ao ambiente proporcionando uma experi\u00eancia \u00fanica aos participantes &#8211;\u00a0 uma tend\u00eancia que veio pra ficar.<\/p>\t\t\t\t\t\t\t\t<\/div>\n\t\t\t\t<\/div>\n\t\t\t\t<\/div>\n\t\t\t\t<\/div>\n\t\t<div class=\"elementor-element elementor-element-735908c e-con-full e-flex e-con e-parent\" data-id=\"735908c\" data-element_type=\"container\" data-e-type=\"container\">\n\t\t<div class=\"elementor-element elementor-element-5e2b5d6 e-con-full animated-fast e-flex elementor-invisible e-con e-child\" data-id=\"5e2b5d6\" data-element_type=\"container\" data-e-type=\"container\" data-settings=\"{&quot;animation&quot;:&quot;fadeInLeft&quot;}\">\n\t\t\t\t<div class=\"elementor-element elementor-element-9b4f0f6 elementor--h-position-center elementor--v-position-middle elementor-arrows-position-inside elementor-pagination-position-inside elementor-widget elementor-widget-slides\" data-id=\"9b4f0f6\" data-element_type=\"widget\" data-e-type=\"widget\" data-settings=\"{&quot;navigation&quot;:&quot;both&quot;,&quot;autoplay&quot;:&quot;yes&quot;,&quot;pause_on_hover&quot;:&quot;yes&quot;,&quot;pause_on_interaction&quot;:&quot;yes&quot;,&quot;autoplay_speed&quot;:5000,&quot;infinite&quot;:&quot;yes&quot;,&quot;transition&quot;:&quot;slide&quot;,&quot;transition_speed&quot;:500}\" data-widget_type=\"slides.default\">\n\t\t\t\t<div class=\"elementor-widget-container\">\n\t\t\t\t\t\t\t\t\t<div class=\"elementor-swiper\">\n\t\t\t\t\t<div class=\"elementor-slides-wrapper elementor-main-swiper swiper\" role=\"region\" aria-roledescription=\"carousel\" aria-label=\"Slides\" dir=\"ltr\" data-animation=\"fadeInUp\">\n\t\t\t\t<div class=\"swiper-wrapper elementor-slides\">\n\t\t\t\t\t\t\t\t\t\t<div class=\"elementor-repeater-item-466f9da swiper-slide\" role=\"group\" aria-roledescription=\"slide\"><div class=\"swiper-slide-bg elementor-ken-burns elementor-ken-burns--in\" role=\"img\" aria-label=\"Espa\u00e7o para Eventos Open Kitchen, cozinha integrada, ampla e descolada. Eventos no Itaim. Espa\u00e7o para Eventos Gastron\u00f4micos no Itaim\"><\/div><div class=\"swiper-slide-inner\" ><div class=\"swiper-slide-contents\"><\/div><\/div><\/div>\t\t\t\t<\/div>\n\t\t\t\t\t\t\t<\/div>\n\t\t\t\t<\/div>\n\t\t\t\t\t\t\t\t<\/div>\n\t\t\t\t<\/div>\n\t\t\t\t<\/div>\n\t\t<div class=\"elementor-element elementor-element-6c1d035 e-con-full animated-fast e-flex elementor-invisible e-con e-child\" data-id=\"6c1d035\" data-element_type=\"container\" data-e-type=\"container\" data-settings=\"{&quot;animation&quot;:&quot;fadeInRight&quot;}\">\n\t\t\t\t<div class=\"elementor-element elementor-element-4240cb6 elementor-widget elementor-widget-text-editor\" data-id=\"4240cb6\" data-element_type=\"widget\" data-e-type=\"widget\" data-widget_type=\"text-editor.default\">\n\t\t\t\t<div class=\"elementor-widget-container\">\n\t\t\t\t\t\t\t\t\t<p class=\"p1\">Sentar em um balc\u00e3o de bar, pedir um drink e observar o seu pedido sendo feito na hora? At\u00e9 a\u00ed, nada de novo, muito pelo contr\u00e1rio. Acontece que este formato aberto aonde o p\u00fablico tem acesso aos profissionais que preparam seus pedidos est\u00e1 cada vez mais difundido e n\u00e3o se at\u00e9m aos balc\u00f5es de bares e sushis.<\/p><p class=\"p1\">Principalmente em momentos de lazer, as pessoas j\u00e1 n\u00e3o se contentam mais em apenas receber seus pratos prontos em suas mesas. A ideia de acompanhar o todo ou pelo menos parte do processo est\u00e1 se tornando uma realidade.<\/p><p class=\"p1\">A experi\u00eancia \u00e9 que conta, e nela, os chefs e suas receitas desempenham papel fundamental.<\/p>\t\t\t\t\t\t\t\t<\/div>\n\t\t\t\t<\/div>\n\t\t\t\t<\/div>\n\t\t\t\t<\/div>\n\t\t<div class=\"elementor-element elementor-element-62b8a2a e-con-full e-flex e-con e-parent\" data-id=\"62b8a2a\" data-element_type=\"container\" data-e-type=\"container\">\n\t\t<div class=\"elementor-element elementor-element-3841d5e e-con-full animated-fast e-flex elementor-invisible e-con e-child\" data-id=\"3841d5e\" data-element_type=\"container\" data-e-type=\"container\" data-settings=\"{&quot;animation&quot;:&quot;fadeInRight&quot;}\">\n\t\t\t\t<div class=\"elementor-element elementor-element-b0a79bd elementor--v-position-bottom elementor--h-position-center elementor-arrows-position-inside elementor-pagination-position-inside elementor-widget elementor-widget-slides\" data-id=\"b0a79bd\" data-element_type=\"widget\" data-e-type=\"widget\" data-settings=\"{&quot;navigation&quot;:&quot;both&quot;,&quot;autoplay&quot;:&quot;yes&quot;,&quot;pause_on_hover&quot;:&quot;yes&quot;,&quot;pause_on_interaction&quot;:&quot;yes&quot;,&quot;autoplay_speed&quot;:5000,&quot;infinite&quot;:&quot;yes&quot;,&quot;transition&quot;:&quot;slide&quot;,&quot;transition_speed&quot;:500}\" data-widget_type=\"slides.default\">\n\t\t\t\t<div class=\"elementor-widget-container\">\n\t\t\t\t\t\t\t\t\t<div class=\"elementor-swiper\">\n\t\t\t\t\t<div class=\"elementor-slides-wrapper elementor-main-swiper swiper\" role=\"region\" aria-roledescription=\"carousel\" aria-label=\"Slides\" dir=\"ltr\" data-animation=\"fadeInUp\">\n\t\t\t\t<div class=\"swiper-wrapper elementor-slides\">\n\t\t\t\t\t\t\t\t\t\t<div class=\"elementor-repeater-item-466f9da swiper-slide\" role=\"group\" aria-roledescription=\"slide\"><div class=\"swiper-slide-bg elementor-ken-burns elementor-ken-burns--in\" role=\"img\" aria-label=\"Espa\u00e7o para Eventos Open Kitchen, cozinha integrada, ampla e descolada. Eventos no Itaim. Espa\u00e7o para Eventos Gastron\u00f4micos no Itaim\"><\/div><div class=\"swiper-slide-inner\" ><div class=\"swiper-slide-contents\"><\/div><\/div><\/div>\t\t\t\t<\/div>\n\t\t\t\t\t\t\t<\/div>\n\t\t\t\t<\/div>\n\t\t\t\t\t\t\t\t<\/div>\n\t\t\t\t<\/div>\n\t\t\t\t<\/div>\n\t\t<div class=\"elementor-element elementor-element-50d9ebb e-con-full animated-fast e-flex elementor-invisible e-con e-child\" data-id=\"50d9ebb\" data-element_type=\"container\" data-e-type=\"container\" data-settings=\"{&quot;animation&quot;:&quot;fadeInRight&quot;}\">\n\t\t\t\t<div class=\"elementor-element elementor-element-9b948ef elementor-widget elementor-widget-text-editor\" data-id=\"9b948ef\" data-element_type=\"widget\" data-e-type=\"widget\" data-widget_type=\"text-editor.default\">\n\t\t\t\t<div class=\"elementor-widget-container\">\n\t\t\t\t\t\t\t\t\t<p class=\"p1\">Um <a href=\"https:\/\/hbr.org\/2014\/11\/cooks-make-tastier-food-when-they-can-see-their-customers\/ar\/1\" target=\"_blank\" rel=\"noopener\">estudo feito pela Harvard Business School<\/a> concluiu que a comida feita em locais aonde o chef e o cliente podem ter contato olho no olho geralmente s\u00e3o mais bem avaliadas.<\/p><p class=\"p1\">A maioria dos chefs tem orgulho de servir suas cria\u00e7\u00f5es e, portanto, o palco lhes cai bem. \u00c9 neste formato que podem ver a rea\u00e7\u00e3o do p\u00fablico em tempo real al\u00e9m de poder passar conhecimento para os mais curiosos. A proximidade,<span class=\"Apple-converted-space\">\u00a0 <\/span>a troca de energia e a transpar\u00eancia no processo, acabam beneficiando a todos os envolvidos neste tipo de experi\u00eancia.<\/p>\t\t\t\t\t\t\t\t<\/div>\n\t\t\t\t<\/div>\n\t\t\t\t<\/div>\n\t\t\t\t<\/div>\n\t\t<div class=\"elementor-element elementor-element-c663c1a e-flex e-con-boxed e-con e-parent\" data-id=\"c663c1a\" data-element_type=\"container\" data-e-type=\"container\">\n\t\t\t\t\t<div class=\"e-con-inner\">\n\t\t\t\t<div class=\"elementor-element elementor-element-47f7925 animated-fast elementor-arrows-position-inside elementor-invisible elementor-widget elementor-widget-image-carousel\" data-id=\"47f7925\" data-element_type=\"widget\" data-e-type=\"widget\" data-settings=\"{&quot;navigation&quot;:&quot;arrows&quot;,&quot;slides_to_show&quot;:&quot;4&quot;,&quot;slides_to_scroll&quot;:&quot;1&quot;,&quot;_animation&quot;:&quot;zoomIn&quot;,&quot;slides_to_show_tablet&quot;:&quot;3&quot;,&quot;slides_to_show_mobile&quot;:&quot;2&quot;,&quot;autoplay&quot;:&quot;yes&quot;,&quot;pause_on_hover&quot;:&quot;yes&quot;,&quot;pause_on_interaction&quot;:&quot;yes&quot;,&quot;autoplay_speed&quot;:5000,&quot;infinite&quot;:&quot;yes&quot;,&quot;speed&quot;:500}\" data-widget_type=\"image-carousel.default\">\n\t\t\t\t<div class=\"elementor-widget-container\">\n\t\t\t\t\t\t\t<div class=\"elementor-image-carousel-wrapper swiper\" role=\"region\" aria-roledescription=\"carousel\" aria-label=\"Carrossel de imagens\" dir=\"ltr\">\n\t\t\t<div class=\"elementor-image-carousel swiper-wrapper\" aria-live=\"off\">\n\t\t\t\t\t\t\t\t<div class=\"swiper-slide\" role=\"group\" aria-roledescription=\"slide\" aria-label=\"1 de 9\"><a data-elementor-open-lightbox=\"yes\" data-elementor-lightbox-slideshow=\"47f7925\" data-e-action-hash=\"#elementor-action%3Aaction%3Dlightbox%26settings%3DeyJpZCI6MTc3NSwidXJsIjoiaHR0cHM6XC9cL29wZW5raXRjaGVuLmNvbS5iclwvZXZlbnRvcy1uby1pdGFpbS1nYXN0cm9ub21pYVwvd3AtY29udGVudFwvdXBsb2Fkc1wvMjAxNlwvMDRcL0lNR183ODY1LmpwZyIsInNsaWRlc2hvdyI6IjQ3Zjc5MjUifQ%3D%3D\" href=\"https:\/\/openkitchen.com.br\/eventos-no-itaim-gastronomia\/wp-content\/uploads\/2016\/04\/IMG_7865.jpg\"><figure class=\"swiper-slide-inner\"><img decoding=\"async\" class=\"swiper-slide-image\" src=\"https:\/\/openkitchen.com.br\/eventos-no-itaim-gastronomia\/wp-content\/uploads\/2016\/04\/IMG_7865-768x1024.jpg\" alt=\"Espa\u00e7o para Eventos Open Kitchen, cozinha integrada, ampla e descolada. Eventos no Itaim. Espa\u00e7o para Eventos Gastron\u00f4micos no Itaim\" \/><\/figure><\/a><\/div><div class=\"swiper-slide\" role=\"group\" aria-roledescription=\"slide\" aria-label=\"2 de 9\"><a data-elementor-open-lightbox=\"yes\" data-elementor-lightbox-slideshow=\"47f7925\" data-e-action-hash=\"#elementor-action%3Aaction%3Dlightbox%26settings%3DeyJpZCI6MTc3MSwidXJsIjoiaHR0cHM6XC9cL29wZW5raXRjaGVuLmNvbS5iclwvZXZlbnRvcy1uby1pdGFpbS1nYXN0cm9ub21pYVwvd3AtY29udGVudFwvdXBsb2Fkc1wvMjAxNlwvMDRcL0lNR184ODAyLmpwZyIsInNsaWRlc2hvdyI6IjQ3Zjc5MjUifQ%3D%3D\" href=\"https:\/\/openkitchen.com.br\/eventos-no-itaim-gastronomia\/wp-content\/uploads\/2016\/04\/IMG_8802.jpg\"><figure class=\"swiper-slide-inner\"><img decoding=\"async\" class=\"swiper-slide-image\" src=\"https:\/\/openkitchen.com.br\/eventos-no-itaim-gastronomia\/wp-content\/uploads\/2016\/04\/IMG_8802-768x1024.jpg\" alt=\"Espa\u00e7o para Eventos Open Kitchen, cozinha integrada, ampla e descolada. Eventos no Itaim. Espa\u00e7o para Eventos Gastron\u00f4micos no Itaim\" \/><\/figure><\/a><\/div><div class=\"swiper-slide\" role=\"group\" aria-roledescription=\"slide\" aria-label=\"3 de 9\"><a data-elementor-open-lightbox=\"yes\" data-elementor-lightbox-slideshow=\"47f7925\" data-e-action-hash=\"#elementor-action%3Aaction%3Dlightbox%26settings%3DeyJpZCI6MTc3MCwidXJsIjoiaHR0cHM6XC9cL29wZW5raXRjaGVuLmNvbS5iclwvZXZlbnRvcy1uby1pdGFpbS1nYXN0cm9ub21pYVwvd3AtY29udGVudFwvdXBsb2Fkc1wvMjAxNlwvMDRcL0lNR184MTIwLmpwZyIsInNsaWRlc2hvdyI6IjQ3Zjc5MjUifQ%3D%3D\" href=\"https:\/\/openkitchen.com.br\/eventos-no-itaim-gastronomia\/wp-content\/uploads\/2016\/04\/IMG_8120.jpg\"><figure class=\"swiper-slide-inner\"><img decoding=\"async\" class=\"swiper-slide-image\" src=\"https:\/\/openkitchen.com.br\/eventos-no-itaim-gastronomia\/wp-content\/uploads\/2016\/04\/IMG_8120-768x1024.jpg\" alt=\"Espa\u00e7o para Eventos Open Kitchen, cozinha integrada, ampla e descolada. Eventos no Itaim. Espa\u00e7o para Eventos Gastron\u00f4micos no Itaim\" \/><\/figure><\/a><\/div><div class=\"swiper-slide\" role=\"group\" aria-roledescription=\"slide\" aria-label=\"4 de 9\"><a data-elementor-open-lightbox=\"yes\" data-elementor-lightbox-slideshow=\"47f7925\" data-e-action-hash=\"#elementor-action%3Aaction%3Dlightbox%26settings%3DeyJpZCI6MTc4NSwidXJsIjoiaHR0cHM6XC9cL29wZW5raXRjaGVuLmNvbS5iclwvZXZlbnRvcy1uby1pdGFpbS1nYXN0cm9ub21pYVwvd3AtY29udGVudFwvdXBsb2Fkc1wvMjAyNFwvMTFcL0lNR181NTA1LmpwZyIsInNsaWRlc2hvdyI6IjQ3Zjc5MjUifQ%3D%3D\" href=\"https:\/\/openkitchen.com.br\/eventos-no-itaim-gastronomia\/wp-content\/uploads\/2024\/11\/IMG_5505.jpg\"><figure class=\"swiper-slide-inner\"><img decoding=\"async\" class=\"swiper-slide-image\" src=\"https:\/\/openkitchen.com.br\/eventos-no-itaim-gastronomia\/wp-content\/uploads\/2024\/11\/IMG_5505-768x1024.jpg\" alt=\"Espa\u00e7o para Eventos Open Kitchen, cozinha integrada, ampla e descolada. Eventos no Itaim. Espa\u00e7o para Eventos Gastron\u00f4micos no Itaim\" \/><\/figure><\/a><\/div><div class=\"swiper-slide\" role=\"group\" aria-roledescription=\"slide\" aria-label=\"5 de 9\"><a data-elementor-open-lightbox=\"yes\" data-elementor-lightbox-slideshow=\"47f7925\" data-e-action-hash=\"#elementor-action%3Aaction%3Dlightbox%26settings%3DeyJpZCI6MTc2OCwidXJsIjoiaHR0cHM6XC9cL29wZW5raXRjaGVuLmNvbS5iclwvZXZlbnRvcy1uby1pdGFpbS1nYXN0cm9ub21pYVwvd3AtY29udGVudFwvdXBsb2Fkc1wvMjAxNlwvMDRcL0lNR184MTE4LmpwZyIsInNsaWRlc2hvdyI6IjQ3Zjc5MjUifQ%3D%3D\" href=\"https:\/\/openkitchen.com.br\/eventos-no-itaim-gastronomia\/wp-content\/uploads\/2016\/04\/IMG_8118.jpg\"><figure class=\"swiper-slide-inner\"><img decoding=\"async\" class=\"swiper-slide-image\" src=\"https:\/\/openkitchen.com.br\/eventos-no-itaim-gastronomia\/wp-content\/uploads\/2016\/04\/IMG_8118-768x1024.jpg\" alt=\"Espa\u00e7o para Eventos Open Kitchen, cozinha integrada, ampla e descolada. Eventos no Itaim. Espa\u00e7o para Eventos Gastron\u00f4micos no Itaim\" \/><\/figure><\/a><\/div><div class=\"swiper-slide\" role=\"group\" aria-roledescription=\"slide\" aria-label=\"6 de 9\"><a data-elementor-open-lightbox=\"yes\" data-elementor-lightbox-slideshow=\"47f7925\" data-e-action-hash=\"#elementor-action%3Aaction%3Dlightbox%26settings%3DeyJpZCI6MTc3MiwidXJsIjoiaHR0cHM6XC9cL29wZW5raXRjaGVuLmNvbS5iclwvZXZlbnRvcy1uby1pdGFpbS1nYXN0cm9ub21pYVwvd3AtY29udGVudFwvdXBsb2Fkc1wvMjAxNlwvMDRcL0lNR185OTIyLmpwZyIsInNsaWRlc2hvdyI6IjQ3Zjc5MjUifQ%3D%3D\" href=\"https:\/\/openkitchen.com.br\/eventos-no-itaim-gastronomia\/wp-content\/uploads\/2016\/04\/IMG_9922.jpg\"><figure class=\"swiper-slide-inner\"><img decoding=\"async\" class=\"swiper-slide-image\" src=\"https:\/\/openkitchen.com.br\/eventos-no-itaim-gastronomia\/wp-content\/uploads\/2016\/04\/IMG_9922-768x1024.jpg\" alt=\"Espa\u00e7o para Eventos Open Kitchen, cozinha integrada, ampla e descolada. Eventos no Itaim. Espa\u00e7o para Eventos Gastron\u00f4micos no Itaim\" \/><\/figure><\/a><\/div><div class=\"swiper-slide\" role=\"group\" aria-roledescription=\"slide\" aria-label=\"7 de 9\"><a data-elementor-open-lightbox=\"yes\" data-elementor-lightbox-slideshow=\"47f7925\" data-e-action-hash=\"#elementor-action%3Aaction%3Dlightbox%26settings%3DeyJpZCI6MTc3MywidXJsIjoiaHR0cHM6XC9cL29wZW5raXRjaGVuLmNvbS5iclwvZXZlbnRvcy1uby1pdGFpbS1nYXN0cm9ub21pYVwvd3AtY29udGVudFwvdXBsb2Fkc1wvMjAxNlwvMDRcL0lNR185OTI3LmpwZyIsInNsaWRlc2hvdyI6IjQ3Zjc5MjUifQ%3D%3D\" href=\"https:\/\/openkitchen.com.br\/eventos-no-itaim-gastronomia\/wp-content\/uploads\/2016\/04\/IMG_9927.jpg\"><figure class=\"swiper-slide-inner\"><img decoding=\"async\" class=\"swiper-slide-image\" src=\"https:\/\/openkitchen.com.br\/eventos-no-itaim-gastronomia\/wp-content\/uploads\/2016\/04\/IMG_9927-768x1024.jpg\" alt=\"Espa\u00e7o para Eventos Open Kitchen, cozinha integrada, ampla e descolada. Eventos no Itaim. Espa\u00e7o para Eventos Gastron\u00f4micos no Itaim\" \/><\/figure><\/a><\/div><div class=\"swiper-slide\" role=\"group\" aria-roledescription=\"slide\" aria-label=\"8 de 9\"><a data-elementor-open-lightbox=\"yes\" data-elementor-lightbox-slideshow=\"47f7925\" data-e-action-hash=\"#elementor-action%3Aaction%3Dlightbox%26settings%3DeyJpZCI6MTc2OSwidXJsIjoiaHR0cHM6XC9cL29wZW5raXRjaGVuLmNvbS5iclwvZXZlbnRvcy1uby1pdGFpbS1nYXN0cm9ub21pYVwvd3AtY29udGVudFwvdXBsb2Fkc1wvMjAxNlwvMDRcL0lNR184MTE3LmpwZyIsInNsaWRlc2hvdyI6IjQ3Zjc5MjUifQ%3D%3D\" href=\"https:\/\/openkitchen.com.br\/eventos-no-itaim-gastronomia\/wp-content\/uploads\/2016\/04\/IMG_8117.jpg\"><figure class=\"swiper-slide-inner\"><img decoding=\"async\" class=\"swiper-slide-image\" src=\"https:\/\/openkitchen.com.br\/eventos-no-itaim-gastronomia\/wp-content\/uploads\/2016\/04\/IMG_8117-768x1024.jpg\" alt=\"Espa\u00e7o para Eventos Open Kitchen, cozinha integrada, ampla e descolada. Eventos no Itaim. Espa\u00e7o para Eventos Gastron\u00f4micos no Itaim\" \/><\/figure><\/a><\/div><div class=\"swiper-slide\" role=\"group\" aria-roledescription=\"slide\" aria-label=\"9 de 9\"><a data-elementor-open-lightbox=\"yes\" data-elementor-lightbox-slideshow=\"47f7925\" data-e-action-hash=\"#elementor-action%3Aaction%3Dlightbox%26settings%3DeyJpZCI6MTc3NiwidXJsIjoiaHR0cHM6XC9cL29wZW5raXRjaGVuLmNvbS5iclwvZXZlbnRvcy1uby1pdGFpbS1nYXN0cm9ub21pYVwvd3AtY29udGVudFwvdXBsb2Fkc1wvMjAxNlwvMDRcL0lNR184Mzc1LmpwZyIsInNsaWRlc2hvdyI6IjQ3Zjc5MjUifQ%3D%3D\" href=\"https:\/\/openkitchen.com.br\/eventos-no-itaim-gastronomia\/wp-content\/uploads\/2016\/04\/IMG_8375.jpg\"><figure class=\"swiper-slide-inner\"><img decoding=\"async\" class=\"swiper-slide-image\" src=\"https:\/\/openkitchen.com.br\/eventos-no-itaim-gastronomia\/wp-content\/uploads\/2016\/04\/IMG_8375-768x1024.jpg\" alt=\"Espa\u00e7o para Eventos Open Kitchen, cozinha integrada, ampla e descolada. Eventos no Itaim. Espa\u00e7o para Eventos Gastron\u00f4micos no Itaim\" \/><\/figure><\/a><\/div>\t\t\t<\/div>\n\t\t\t\t\t\t\t\t\t\t\t\t<div class=\"elementor-swiper-button elementor-swiper-button-prev\" role=\"button\" tabindex=\"0\">\n\t\t\t\t\t\t<i aria-hidden=\"true\" class=\"eicon-chevron-left\"><\/i>\t\t\t\t\t<\/div>\n\t\t\t\t\t<div class=\"elementor-swiper-button elementor-swiper-button-next\" role=\"button\" tabindex=\"0\">\n\t\t\t\t\t\t<i aria-hidden=\"true\" class=\"eicon-chevron-right\"><\/i>\t\t\t\t\t<\/div>\n\t\t\t\t\n\t\t\t\t\t\t\t\t\t<\/div>\n\t\t\t\t\t\t<\/div>\n\t\t\t\t<\/div>\n\t\t\t\t<div class=\"elementor-element elementor-element-d399f79 elementor-widget elementor-widget-text-editor\" data-id=\"d399f79\" data-element_type=\"widget\" data-e-type=\"widget\" data-widget_type=\"text-editor.default\">\n\t\t\t\t<div class=\"elementor-widget-container\">\n\t\t\t\t\t\t\t\t\t<p class=\"p1\">Produzir um evento em um espa\u00e7o exclusivo neste formato, permite proporcionar aos convidados uma experi\u00eancia pessoal e inesquec\u00edvel.<\/p>\n<p class=\"p1\">No nosso espa\u00e7o de eventos no Itaim, voc\u00ea pode reunir at\u00e9 55&nbsp;convidados para desfrutar de uma experi\u00eancia \u00fanica em torno de uma cozinha aberta. N\u00e3o importa se o seu evento \u00e9 social ou corporativo, a nossa casa est\u00e1 totalmente equipada e decorada para receber os seus convidados com privacidade e conforto.<\/p>\n<p class=\"p1\">Fa\u00e7a como v\u00e1rias empresas, proporcione aos seus convidados uma experi\u00eancia exclusiva. Voc\u00ea pode trazer o chef ou servi\u00e7o de buffet de sua prefer\u00eancia.&nbsp;Ou ent\u00e3o, solicitar nossas op\u00e7\u00f5es de card\u00e1pio<span class=\"s1\">.<\/span> Versatilidade \u00e9 um diferencial&nbsp;do nosso espa\u00e7o.<\/p><p class=\"p1\">Open Kitchen: uma maneira criativa de transformar seus eventos corporativos e sociais em experi\u00eancias deliciosas.<\/p>\t\t\t\t\t\t\t\t<\/div>\n\t\t\t\t<\/div>\n\t\t\t\t\t<\/div>\n\t\t\t\t<\/div>\n\t\t\t\t<\/div>\n\t\t","protected":false},"excerpt":{"rendered":"<p>https:\/\/youtu.be\/L8PvwBab7Kc Espa\u00e7o de eventos ao redor de uma cozinha gourmet. No nosso espa\u00e7o de eventos a ideia central da Open Kitchen permite a intera\u00e7\u00e3o dos convidados com o chef, em uma atmosfera mais intimista baseada em um conceito que j\u00e1 se tornou uma tend\u00eancia na Europa e nos EUA. Por isso, o\u00a0 nosso espa\u00e7o foi [&hellip;]<\/p>\n","protected":false},"author":2,"featured_media":1734,"comment_status":"closed","ping_status":"open","sticky":true,"template":"elementor_header_footer","format":"standard","meta":{"footnotes":""},"categories":[3],"tags":[],"class_list":["post-29","post","type-post","status-publish","format-standard","has-post-thumbnail","hentry","category-conceito-open-kitchen"],"jetpack_featured_media_url":"https:\/\/openkitchen.com.br\/eventos-no-itaim-gastronomia\/wp-content\/uploads\/2016\/04\/a1fbbc73-e2a4-4e01-a419-b7dbe1188ba0.jpg","_links":{"self":[{"href":"https:\/\/openkitchen.com.br\/eventos-no-itaim-gastronomia\/wp-json\/wp\/v2\/posts\/29","targetHints":{"allow":["GET"]}}],"collection":[{"href":"https:\/\/openkitchen.com.br\/eventos-no-itaim-gastronomia\/wp-json\/wp\/v2\/posts"}],"about":[{"href":"https:\/\/openkitchen.com.br\/eventos-no-itaim-gastronomia\/wp-json\/wp\/v2\/types\/post"}],"author":[{"embeddable":true,"href":"https:\/\/openkitchen.com.br\/eventos-no-itaim-gastronomia\/wp-json\/wp\/v2\/users\/2"}],"replies":[{"embeddable":true,"href":"https:\/\/openkitchen.com.br\/eventos-no-itaim-gastronomia\/wp-json\/wp\/v2\/comments?post=29"}],"version-history":[{"count":39,"href":"https:\/\/openkitchen.com.br\/eventos-no-itaim-gastronomia\/wp-json\/wp\/v2\/posts\/29\/revisions"}],"predecessor-version":[{"id":2048,"href":"https:\/\/openkitchen.com.br\/eventos-no-itaim-gastronomia\/wp-json\/wp\/v2\/posts\/29\/revisions\/2048"}],"wp:featuredmedia":[{"embeddable":true,"href":"https:\/\/openkitchen.com.br\/eventos-no-itaim-gastronomia\/wp-json\/wp\/v2\/media\/1734"}],"wp:attachment":[{"href":"https:\/\/openkitchen.com.br\/eventos-no-itaim-gastronomia\/wp-json\/wp\/v2\/media?parent=29"}],"wp:term":[{"taxonomy":"category","embeddable":true,"href":"https:\/\/openkitchen.com.br\/eventos-no-itaim-gastronomia\/wp-json\/wp\/v2\/categories?post=29"},{"taxonomy":"post_tag","embeddable":true,"href":"https:\/\/openkitchen.com.br\/eventos-no-itaim-gastronomia\/wp-json\/wp\/v2\/tags?post=29"}],"curies":[{"name":"wp","href":"https:\/\/api.w.org\/{rel}","templated":true}]}}