{"id":239,"date":"2024-05-18T19:58:29","date_gmt":"2024-05-18T22:58:29","guid":{"rendered":"https:\/\/openkitchen.com.br\/eventos-no-itaim-gastronomia\/?p=239"},"modified":"2025-07-10T14:13:54","modified_gmt":"2025-07-10T17:13:54","slug":"eventos-corporativos-em-sao-paulo","status":"publish","type":"post","link":"https:\/\/openkitchen.com.br\/eventos-no-itaim-gastronomia\/eventos-corporativos-em-sao-paulo\/","title":{"rendered":"Eventos Corporativos para Convidados Exigentes."},"content":{"rendered":"\t\t<div data-elementor-type=\"wp-post\" data-elementor-id=\"239\" class=\"elementor elementor-239\" data-elementor-post-type=\"post\">\n\t\t\t\t<div class=\"elementor-element elementor-element-08c7ea0 e-con-full animated-fast e-flex elementor-invisible e-con e-parent\" data-id=\"08c7ea0\" data-element_type=\"container\" data-e-type=\"container\" data-settings=\"{&quot;animation&quot;:&quot;fadeInUp&quot;,&quot;background_background&quot;:&quot;classic&quot;}\">\n\t\t\t\t<div class=\"elementor-element elementor-element-96d1575 elementor-widget elementor-widget-theme-post-title elementor-page-title elementor-widget-heading\" data-id=\"96d1575\" data-element_type=\"widget\" data-e-type=\"widget\" data-widget_type=\"theme-post-title.default\">\n\t\t\t\t<div class=\"elementor-widget-container\">\n\t\t\t\t\t<h1 class=\"elementor-heading-title elementor-size-default\">Eventos Corporativos para Convidados Exigentes.<\/h1>\t\t\t\t<\/div>\n\t\t\t\t<\/div>\n\t\t\t\t<\/div>\n\t\t<div class=\"elementor-element elementor-element-28042ea e-con-full e-flex e-con e-parent\" data-id=\"28042ea\" data-element_type=\"container\" data-e-type=\"container\">\n\t\t<div class=\"elementor-element elementor-element-46a89a8 e-con-full animated-fast e-flex elementor-invisible e-con e-child\" data-id=\"46a89a8\" data-element_type=\"container\" data-e-type=\"container\" data-settings=\"{&quot;animation&quot;:&quot;fadeInLeft&quot;}\">\n\t\t\t\t<div class=\"elementor-element elementor-element-ed6575f elementor-widget elementor-widget-video\" data-id=\"ed6575f\" data-element_type=\"widget\" data-e-type=\"widget\" data-settings=\"{&quot;youtube_url&quot;:&quot;https:\\\/\\\/www.youtube.com\\\/watch?v=L8PvwBab7Kc&amp;t=3s&quot;,&quot;video_type&quot;:&quot;youtube&quot;,&quot;controls&quot;:&quot;yes&quot;}\" data-widget_type=\"video.default\">\n\t\t\t\t<div class=\"elementor-widget-container\">\n\t\t\t\t\t\t\t<div class=\"elementor-wrapper elementor-open-inline\">\n\t\t\t<div class=\"elementor-video\"><\/div>\t\t<\/div>\n\t\t\t\t\t\t<\/div>\n\t\t\t\t<\/div>\n\t\t\t\t<\/div>\n\t\t<div class=\"elementor-element elementor-element-5c70789 e-con-full animated-fast e-flex elementor-invisible e-con e-child\" data-id=\"5c70789\" data-element_type=\"container\" data-e-type=\"container\" data-settings=\"{&quot;animation&quot;:&quot;fadeInRight&quot;}\">\n\t\t\t\t<div class=\"elementor-element elementor-element-b39cda2 elementor-widget elementor-widget-text-editor\" data-id=\"b39cda2\" data-element_type=\"widget\" data-e-type=\"widget\" data-widget_type=\"text-editor.default\">\n\t\t\t\t<div class=\"elementor-widget-container\">\n\t\t\t\t\t\t\t\t\t<h2>Eventos Corporativos em S\u00e3o Paulo &#8211; Itaim\/Vila Nova Concei\u00e7\u00e3o.<\/h2><p>Pioneira no segmento, a Open Kitchen est\u00e1 desde 2014 realizando as mais variadas experi\u00eancias exclusivas em torno da gastronomia atrav\u00e9s de eventos customizados em espa\u00e7o premium com localiza\u00e7\u00e3o privilegiada.<\/p><p>Cada vez mais\u00a0 as empresas precisam estreitar a sua rela\u00e7\u00e3o com os seus clientes, colaboradores, acionistas,\u00a0 e fornecedores. Buscando fugir do lugar comum afim de promover os seus encontros, marcas e empresas utilizam a nossa casa para realizar os seus eventos corporativos.<\/p>\t\t\t\t\t\t\t\t<\/div>\n\t\t\t\t<\/div>\n\t\t\t\t<\/div>\n\t\t\t\t<\/div>\n\t\t<div class=\"elementor-element elementor-element-34765e2 e-con-full e-flex e-con e-parent\" data-id=\"34765e2\" data-element_type=\"container\" data-e-type=\"container\">\n\t\t<div class=\"elementor-element elementor-element-ad4a92e e-con-full animated-fast e-flex elementor-invisible e-con e-child\" data-id=\"ad4a92e\" data-element_type=\"container\" data-e-type=\"container\" data-settings=\"{&quot;animation&quot;:&quot;fadeInLeft&quot;}\">\n\t\t\t\t<div class=\"elementor-element elementor-element-09c1592 elementor--h-position-center elementor--v-position-middle elementor-arrows-position-inside elementor-pagination-position-inside elementor-widget elementor-widget-slides\" data-id=\"09c1592\" data-element_type=\"widget\" data-e-type=\"widget\" data-settings=\"{&quot;navigation&quot;:&quot;both&quot;,&quot;autoplay&quot;:&quot;yes&quot;,&quot;pause_on_hover&quot;:&quot;yes&quot;,&quot;pause_on_interaction&quot;:&quot;yes&quot;,&quot;autoplay_speed&quot;:5000,&quot;infinite&quot;:&quot;yes&quot;,&quot;transition&quot;:&quot;slide&quot;,&quot;transition_speed&quot;:500}\" data-widget_type=\"slides.default\">\n\t\t\t\t<div class=\"elementor-widget-container\">\n\t\t\t\t\t\t\t\t\t<div class=\"elementor-swiper\">\n\t\t\t\t\t<div class=\"elementor-slides-wrapper elementor-main-swiper swiper\" role=\"region\" aria-roledescription=\"carousel\" aria-label=\"Slides\" dir=\"ltr\" data-animation=\"fadeInUp\">\n\t\t\t\t<div class=\"swiper-wrapper elementor-slides\">\n\t\t\t\t\t\t\t\t\t\t<div class=\"elementor-repeater-item-466f9da swiper-slide\" role=\"group\" aria-roledescription=\"slide\"><div class=\"swiper-slide-bg elementor-ken-burns elementor-ken-burns--in\"><\/div><div class=\"swiper-slide-inner\" ><div class=\"swiper-slide-contents\"><\/div><\/div><\/div>\t\t\t\t<\/div>\n\t\t\t\t\t\t\t<\/div>\n\t\t\t\t<\/div>\n\t\t\t\t\t\t\t\t<\/div>\n\t\t\t\t<\/div>\n\t\t\t\t<\/div>\n\t\t<div class=\"elementor-element elementor-element-4d2933d e-con-full animated-fast e-flex elementor-invisible e-con e-child\" data-id=\"4d2933d\" data-element_type=\"container\" data-e-type=\"container\" data-settings=\"{&quot;animation&quot;:&quot;fadeInRight&quot;}\">\n\t\t\t\t<div class=\"elementor-element elementor-element-0d28f89 elementor-widget elementor-widget-text-editor\" data-id=\"0d28f89\" data-element_type=\"widget\" data-e-type=\"widget\" data-widget_type=\"text-editor.default\">\n\t\t\t\t<div class=\"elementor-widget-container\">\n\t\t\t\t\t\t\t\t\t<p><b>Configurado para que todos os convidados se sintam em casa, no nosso espa\u00e7o, a proximidade com a gastronomia proporciona uma experi\u00eancia \u00fanica.\u00a0<\/b><\/p><p>Aliado a isso, \u00e9 o ambiente ideal para realizar encontros que privilegiem a intera\u00e7\u00e3o entre os participantes. S\u00e3o diversos formatos contemplam a integra\u00e7\u00e3o dos convidados com din\u00e2micas de interatividade adequadas para cada ocasi\u00e3o. Um jantar corporativo, uma apresenta\u00e7\u00e3o ou lan\u00e7amento de produto ou at\u00e9 mesmo uma atividade &#8220;M\u00e3o na Massa&#8221; (conhe\u00e7a o nosso &#8220;team building&#8221;).<\/p>\t\t\t\t\t\t\t\t<\/div>\n\t\t\t\t<\/div>\n\t\t\t\t<\/div>\n\t\t\t\t<\/div>\n\t\t<div class=\"elementor-element elementor-element-ce244c3 e-con-full e-flex e-con e-parent\" data-id=\"ce244c3\" data-element_type=\"container\" data-e-type=\"container\">\n\t\t<div class=\"elementor-element elementor-element-31a5a75 e-con-full animated-fast e-flex elementor-invisible e-con e-child\" data-id=\"31a5a75\" data-element_type=\"container\" data-e-type=\"container\" data-settings=\"{&quot;animation&quot;:&quot;fadeInRight&quot;}\">\n\t\t\t\t<div class=\"elementor-element elementor-element-aa3c9ea elementor--v-position-bottom elementor--h-position-center elementor-arrows-position-inside elementor-pagination-position-inside elementor-widget elementor-widget-slides\" data-id=\"aa3c9ea\" data-element_type=\"widget\" data-e-type=\"widget\" data-settings=\"{&quot;navigation&quot;:&quot;both&quot;,&quot;autoplay&quot;:&quot;yes&quot;,&quot;pause_on_hover&quot;:&quot;yes&quot;,&quot;pause_on_interaction&quot;:&quot;yes&quot;,&quot;autoplay_speed&quot;:5000,&quot;infinite&quot;:&quot;yes&quot;,&quot;transition&quot;:&quot;slide&quot;,&quot;transition_speed&quot;:500}\" data-widget_type=\"slides.default\">\n\t\t\t\t<div class=\"elementor-widget-container\">\n\t\t\t\t\t\t\t\t\t<div class=\"elementor-swiper\">\n\t\t\t\t\t<div class=\"elementor-slides-wrapper elementor-main-swiper swiper\" role=\"region\" aria-roledescription=\"carousel\" aria-label=\"Slides\" dir=\"ltr\" data-animation=\"fadeInUp\">\n\t\t\t\t<div class=\"swiper-wrapper elementor-slides\">\n\t\t\t\t\t\t\t\t\t\t<div class=\"elementor-repeater-item-466f9da swiper-slide\" role=\"group\" aria-roledescription=\"slide\"><div class=\"swiper-slide-bg elementor-ken-burns elementor-ken-burns--in\" role=\"img\" aria-label=\"Open Kitchen Eventos Corporativos\"><\/div><div class=\"swiper-slide-inner\" ><div class=\"swiper-slide-contents\"><\/div><\/div><\/div>\t\t\t\t<\/div>\n\t\t\t\t\t\t\t<\/div>\n\t\t\t\t<\/div>\n\t\t\t\t\t\t\t\t<\/div>\n\t\t\t\t<\/div>\n\t\t\t\t<\/div>\n\t\t<div class=\"elementor-element elementor-element-454927b e-con-full animated-fast e-flex elementor-invisible e-con e-child\" data-id=\"454927b\" data-element_type=\"container\" data-e-type=\"container\" data-settings=\"{&quot;animation&quot;:&quot;fadeInRight&quot;}\">\n\t\t\t\t<div class=\"elementor-element elementor-element-b2655cb elementor-widget elementor-widget-text-editor\" data-id=\"b2655cb\" data-element_type=\"widget\" data-e-type=\"widget\" data-widget_type=\"text-editor.default\">\n\t\t\t\t<div class=\"elementor-widget-container\">\n\t\t\t\t\t\t\t\t\t<p><b>Os eventos corporativos servem para receber grupos de investidores, clientes, &#8220;prospects&#8221;, funcion\u00e1rios e jornalistas para participarem de experi\u00eancias em um ambiente gourmet exclusivo. <\/b>Com privacidade e seguran\u00e7a, o nosso espa\u00e7o est\u00e1 totalmente montado e decorado para receber confortavelmente at\u00e9 55 convidados.<\/p><p>Um dos principais diferenciais da nossa casa \u00e9 a sua versatilidade.\u00a0Aqui os encontros s\u00e3o customizados, feitos sempre sob medida. No nosso\u00a0<span style=\"background-color: #200c05; color: #e6dad3; font-family: 'Noto Serif'; -webkit-text-stroke-color: #e6dad3; font-weight: var( --e-global-typography-text-font-weight ); font-size: 1rem;\">voc\u00ea pode contar com os servi\u00e7os de &#8220;catering&#8221; da Open Kitchen, o chef da casa, menus especiais, bebidas, som e uma s\u00e9rie de outras atividades\u00a0para realizar o seu evento exatamente no formato que a\u00a0sua empresa procura.<\/span><\/p><p>Se preferir,\u00a0<span style=\"background-color: #200c05; color: #e6dad3; font-family: 'Noto Serif'; -webkit-text-stroke-color: #e6dad3; font-weight: var( --e-global-typography-text-font-weight ); font-size: 1rem;\">voc\u00ea tamb\u00e9m pode trazer aquele Chef famoso que voc\u00ea tanto admira, um\u00a0buffet de sua escolha ou mesmo, com ou sem aux\u00edlio dos nossos profissionais e equipe, cozinhar para seus convidados.<\/span><\/p>\t\t\t\t\t\t\t\t<\/div>\n\t\t\t\t<\/div>\n\t\t\t\t<\/div>\n\t\t\t\t<\/div>\n\t\t<div class=\"elementor-element elementor-element-adf7410 e-flex e-con-boxed e-con e-parent\" data-id=\"adf7410\" data-element_type=\"container\" data-e-type=\"container\">\n\t\t\t\t\t<div class=\"e-con-inner\">\n\t\t\t\t<div class=\"elementor-element elementor-element-dc62517 animated-fast elementor-arrows-position-inside elementor-invisible elementor-widget elementor-widget-image-carousel\" data-id=\"dc62517\" data-element_type=\"widget\" data-e-type=\"widget\" data-settings=\"{&quot;navigation&quot;:&quot;arrows&quot;,&quot;slides_to_show&quot;:&quot;3&quot;,&quot;slides_to_scroll&quot;:&quot;1&quot;,&quot;_animation&quot;:&quot;zoomIn&quot;,&quot;slides_to_show_tablet&quot;:&quot;3&quot;,&quot;slides_to_show_mobile&quot;:&quot;2&quot;,&quot;autoplay&quot;:&quot;yes&quot;,&quot;pause_on_hover&quot;:&quot;yes&quot;,&quot;pause_on_interaction&quot;:&quot;yes&quot;,&quot;autoplay_speed&quot;:5000,&quot;infinite&quot;:&quot;yes&quot;,&quot;speed&quot;:500}\" data-widget_type=\"image-carousel.default\">\n\t\t\t\t<div class=\"elementor-widget-container\">\n\t\t\t\t\t\t\t<div class=\"elementor-image-carousel-wrapper swiper\" role=\"region\" aria-roledescription=\"carousel\" aria-label=\"Carrossel de imagens\" dir=\"ltr\">\n\t\t\t<div class=\"elementor-image-carousel swiper-wrapper swiper-image-stretch\" aria-live=\"off\">\n\t\t\t\t\t\t\t\t<div class=\"swiper-slide\" role=\"group\" aria-roledescription=\"slide\" aria-label=\"1 de 4\"><a data-elementor-open-lightbox=\"yes\" data-elementor-lightbox-slideshow=\"dc62517\" data-e-action-hash=\"#elementor-action%3Aaction%3Dlightbox%26settings%3DeyJpZCI6MTMwNCwidXJsIjoiaHR0cHM6XC9cL29wZW5raXRjaGVuLmNvbS5iclwvZXZlbnRvcy1uby1pdGFpbS1nYXN0cm9ub21pYVwvd3AtY29udGVudFwvdXBsb2Fkc1wvMjAyNFwvMDlcL0lNRy0yMDI0MDQxOS1XQTAwMTYtc2l0ZS5qcGciLCJzbGlkZXNob3ciOiJkYzYyNTE3In0%3D\" href=\"https:\/\/openkitchen.com.br\/eventos-no-itaim-gastronomia\/wp-content\/uploads\/2024\/09\/IMG-20240419-WA0016-site.jpg\"><figure class=\"swiper-slide-inner\"><img decoding=\"async\" class=\"swiper-slide-image\" src=\"https:\/\/openkitchen.com.br\/eventos-no-itaim-gastronomia\/wp-content\/uploads\/2024\/09\/IMG-20240419-WA0016-site-768x576.jpg\" alt=\"Espa\u00e7o para Eventos Open Kitchen, cozinha integrada, ampla e descolada. Eventos no Itaim. Espa\u00e7o para Eventos Gastron\u00f4micos no Itaim\" \/><\/figure><\/a><\/div><div class=\"swiper-slide\" role=\"group\" aria-roledescription=\"slide\" aria-label=\"2 de 4\"><a data-elementor-open-lightbox=\"yes\" data-elementor-lightbox-slideshow=\"dc62517\" data-e-action-hash=\"#elementor-action%3Aaction%3Dlightbox%26settings%3DeyJpZCI6MTMwMywidXJsIjoiaHR0cHM6XC9cL29wZW5raXRjaGVuLmNvbS5iclwvZXZlbnRvcy1uby1pdGFpbS1nYXN0cm9ub21pYVwvd3AtY29udGVudFwvdXBsb2Fkc1wvMjAyNFwvMDlcL1doYXRzQXBwLUltYWdlLTIwMjQtMDQtMTktYXQtMTcuNTAuNDJfZTI5MGEyY2Qtc2l0ZS5qcGciLCJzbGlkZXNob3ciOiJkYzYyNTE3In0%3D\" href=\"https:\/\/openkitchen.com.br\/eventos-no-itaim-gastronomia\/wp-content\/uploads\/2024\/09\/WhatsApp-Image-2024-04-19-at-17.50.42_e290a2cd-site.jpg\"><figure class=\"swiper-slide-inner\"><img decoding=\"async\" class=\"swiper-slide-image\" src=\"https:\/\/openkitchen.com.br\/eventos-no-itaim-gastronomia\/wp-content\/uploads\/2024\/09\/WhatsApp-Image-2024-04-19-at-17.50.42_e290a2cd-site-768x576.jpg\" alt=\"Espa\u00e7o para Eventos Open Kitchen, cozinha integrada, ampla e descolada. Eventos no Itaim. Espa\u00e7o para Eventos Gastron\u00f4micos no Itaim\" \/><\/figure><\/a><\/div><div class=\"swiper-slide\" role=\"group\" aria-roledescription=\"slide\" aria-label=\"3 de 4\"><a data-elementor-open-lightbox=\"yes\" data-elementor-lightbox-slideshow=\"dc62517\" data-e-action-hash=\"#elementor-action%3Aaction%3Dlightbox%26settings%3DeyJpZCI6MTMwNSwidXJsIjoiaHR0cHM6XC9cL29wZW5raXRjaGVuLmNvbS5iclwvZXZlbnRvcy1uby1pdGFpbS1nYXN0cm9ub21pYVwvd3AtY29udGVudFwvdXBsb2Fkc1wvMjAyNFwvMDlcL0lNRy0yMDI0MDQxOS1XQTAwMTctc2l0ZS5qcGciLCJzbGlkZXNob3ciOiJkYzYyNTE3In0%3D\" href=\"https:\/\/openkitchen.com.br\/eventos-no-itaim-gastronomia\/wp-content\/uploads\/2024\/09\/IMG-20240419-WA0017-site.jpg\"><figure class=\"swiper-slide-inner\"><img decoding=\"async\" class=\"swiper-slide-image\" src=\"https:\/\/openkitchen.com.br\/eventos-no-itaim-gastronomia\/wp-content\/uploads\/2024\/09\/IMG-20240419-WA0017-site-768x576.jpg\" alt=\"Espa\u00e7o para Eventos Open Kitchen, cozinha integrada, ampla e descolada. Eventos no Itaim. Espa\u00e7o para Eventos Gastron\u00f4micos no Itaim\" \/><\/figure><\/a><\/div><div class=\"swiper-slide\" role=\"group\" aria-roledescription=\"slide\" aria-label=\"4 de 4\"><a data-elementor-open-lightbox=\"yes\" data-elementor-lightbox-slideshow=\"dc62517\" data-e-action-hash=\"#elementor-action%3Aaction%3Dlightbox%26settings%3DeyJpZCI6MTc0NywidXJsIjoiaHR0cHM6XC9cL29wZW5raXRjaGVuLmNvbS5iclwvZXZlbnRvcy1uby1pdGFpbS1nYXN0cm9ub21pYVwvd3AtY29udGVudFwvdXBsb2Fkc1wvMjAyNFwvMTFcL0lNR18wNzM3LTEuanBnIiwic2xpZGVzaG93IjoiZGM2MjUxNyJ9\" href=\"https:\/\/openkitchen.com.br\/eventos-no-itaim-gastronomia\/wp-content\/uploads\/2024\/11\/IMG_0737-1.jpg\"><figure class=\"swiper-slide-inner\"><img decoding=\"async\" class=\"swiper-slide-image\" src=\"https:\/\/openkitchen.com.br\/eventos-no-itaim-gastronomia\/wp-content\/uploads\/2024\/11\/IMG_0737-1-768x576.jpg\" alt=\"Espa\u00e7o para Eventos Open Kitchen, cozinha integrada, ampla e descolada. Eventos no Itaim. Espa\u00e7o para Eventos Gastron\u00f4micos no Itaim\" \/><\/figure><\/a><\/div>\t\t\t<\/div>\n\t\t\t\t\t\t\t\t\t\t\t\t<div class=\"elementor-swiper-button elementor-swiper-button-prev\" role=\"button\" tabindex=\"0\">\n\t\t\t\t\t\t<i aria-hidden=\"true\" class=\"eicon-chevron-left\"><\/i>\t\t\t\t\t<\/div>\n\t\t\t\t\t<div class=\"elementor-swiper-button elementor-swiper-button-next\" role=\"button\" tabindex=\"0\">\n\t\t\t\t\t\t<i aria-hidden=\"true\" class=\"eicon-chevron-right\"><\/i>\t\t\t\t\t<\/div>\n\t\t\t\t\n\t\t\t\t\t\t\t\t\t<\/div>\n\t\t\t\t\t\t<\/div>\n\t\t\t\t<\/div>\n\t\t\t\t<div class=\"elementor-element elementor-element-eb2a5a6 elementor-widget elementor-widget-text-editor\" data-id=\"eb2a5a6\" data-element_type=\"widget\" data-e-type=\"widget\" data-widget_type=\"text-editor.default\">\n\t\t\t\t<div class=\"elementor-widget-container\">\n\t\t\t\t\t\t\t\t\t<p>S\u00e3o mais de 10 anos atendendo diversas empresas dos mais variados perfis e contribuindo para o sucesso de cada experi\u00eancia entre marcas, empresas e pessoas.<\/p>\n<p>Experimente uma proposta diferente e de qualidade para realiza\u00e7\u00e3o do seu evento.<\/p>\n<p>Estamos em uma localiza\u00e7\u00e3o privilegiada e de f\u00e1cil acesso.<br>Pr\u00f3ximo \u00e0s avenidas Faria Lima e Juscelino Kubitschek no bairro do Itaim\/Vila Nova Concei\u00e7\u00e3o em S\u00e3o Paulo.<\/p>\n<p><strong>Open Kitchen |&nbsp;Conectando marcas, empresas e pessoas. We Are Open.<\/strong><\/p>\n<p class=\"p1\">Quer celebrar sue anivers\u00e1rio ou fazer uma festa com seus amigos? Consulte nossos <strong><a href=\"https:\/\/openkitchen.com.br\/eventos-no-itaim-gastronomia\/eventos-sociais\/\">eventos sociais<\/a>.<\/strong><\/p>\t\t\t\t\t\t\t\t<\/div>\n\t\t\t\t<\/div>\n\t\t\t\t\t<\/div>\n\t\t\t\t<\/div>\n\t\t\t\t<\/div>\n\t\t","protected":false},"excerpt":{"rendered":"<p>A Open Kitchen tem quase 10 anos realizando as mais variadas experi\u00eancias exclusivas em torno da gastronomia atrav\u00e9s de eventos customizados em espa\u00e7o premium com localiza\u00e7\u00e3o privilegiada.<\/p>\n","protected":false},"author":2,"featured_media":1736,"comment_status":"closed","ping_status":"open","sticky":true,"template":"elementor_header_footer","format":"standard","meta":{"footnotes":""},"categories":[3,5],"tags":[86,25,45,80,87,27,19],"class_list":["post-239","post","type-post","status-publish","format-standard","has-post-thumbnail","hentry","category-conceito-open-kitchen","category-eventos-open-kitchen-2","tag-evento-de-negocios","tag-eventos-corporativos","tag-eventos-exclusivos","tag-eventos-itaim","tag-eventos-para-marcas","tag-gastronomia","tag-open-kitchen"],"jetpack_featured_media_url":"https:\/\/openkitchen.com.br\/eventos-no-itaim-gastronomia\/wp-content\/uploads\/2024\/05\/bd5bada9-c857-4caa-9206-93f2e27e35b1.jpg","_links":{"self":[{"href":"https:\/\/openkitchen.com.br\/eventos-no-itaim-gastronomia\/wp-json\/wp\/v2\/posts\/239","targetHints":{"allow":["GET"]}}],"collection":[{"href":"https:\/\/openkitchen.com.br\/eventos-no-itaim-gastronomia\/wp-json\/wp\/v2\/posts"}],"about":[{"href":"https:\/\/openkitchen.com.br\/eventos-no-itaim-gastronomia\/wp-json\/wp\/v2\/types\/post"}],"author":[{"embeddable":true,"href":"https:\/\/openkitchen.com.br\/eventos-no-itaim-gastronomia\/wp-json\/wp\/v2\/users\/2"}],"replies":[{"embeddable":true,"href":"https:\/\/openkitchen.com.br\/eventos-no-itaim-gastronomia\/wp-json\/wp\/v2\/comments?post=239"}],"version-history":[{"count":95,"href":"https:\/\/openkitchen.com.br\/eventos-no-itaim-gastronomia\/wp-json\/wp\/v2\/posts\/239\/revisions"}],"predecessor-version":[{"id":2027,"href":"https:\/\/openkitchen.com.br\/eventos-no-itaim-gastronomia\/wp-json\/wp\/v2\/posts\/239\/revisions\/2027"}],"wp:featuredmedia":[{"embeddable":true,"href":"https:\/\/openkitchen.com.br\/eventos-no-itaim-gastronomia\/wp-json\/wp\/v2\/media\/1736"}],"wp:attachment":[{"href":"https:\/\/openkitchen.com.br\/eventos-no-itaim-gastronomia\/wp-json\/wp\/v2\/media?parent=239"}],"wp:term":[{"taxonomy":"category","embeddable":true,"href":"https:\/\/openkitchen.com.br\/eventos-no-itaim-gastronomia\/wp-json\/wp\/v2\/categories?post=239"},{"taxonomy":"post_tag","embeddable":true,"href":"https:\/\/openkitchen.com.br\/eventos-no-itaim-gastronomia\/wp-json\/wp\/v2\/tags?post=239"}],"curies":[{"name":"wp","href":"https:\/\/api.w.org\/{rel}","templated":true}]}}