{"id":2069,"date":"2025-07-29T14:03:02","date_gmt":"2025-07-29T17:03:02","guid":{"rendered":"https:\/\/openkitchen.com.br\/eventos-no-itaim-gastronomia\/?p=2069"},"modified":"2025-07-31T13:29:15","modified_gmt":"2025-07-31T16:29:15","slug":"spotlight","status":"publish","type":"post","link":"https:\/\/openkitchen.com.br\/eventos-no-itaim-gastronomia\/spotlight\/","title":{"rendered":"Spotlight"},"content":{"rendered":"\t\t<div data-elementor-type=\"wp-post\" data-elementor-id=\"2069\" class=\"elementor elementor-2069\" data-elementor-post-type=\"post\">\n\t\t\t\t<div class=\"elementor-element elementor-element-da00864 e-con-full animated-fast e-flex elementor-invisible e-con e-parent\" data-id=\"da00864\" data-element_type=\"container\" data-e-type=\"container\" data-settings=\"{&quot;animation&quot;:&quot;fadeInUp&quot;,&quot;background_background&quot;:&quot;classic&quot;}\">\n\t\t\t\t<div class=\"elementor-element elementor-element-481719b elementor-widget__width-initial elementor-widget-tablet__width-initial elementor-widget-mobile__width-initial elementor-widget elementor-widget-image\" data-id=\"481719b\" data-element_type=\"widget\" data-e-type=\"widget\" data-widget_type=\"image.default\">\n\t\t\t\t<div class=\"elementor-widget-container\">\n\t\t\t\t\t\t\t\t\t\t\t\t\t\t\t<img fetchpriority=\"high\" decoding=\"async\" width=\"800\" height=\"215\" src=\"https:\/\/openkitchen.com.br\/eventos-no-itaim-gastronomia\/wp-content\/uploads\/2025\/07\/Open-boutiquesimboloSITE-1024x275.png\" class=\"attachment-large size-large wp-image-2053\" alt=\"\" srcset=\"https:\/\/openkitchen.com.br\/eventos-no-itaim-gastronomia\/wp-content\/uploads\/2025\/07\/Open-boutiquesimboloSITE-1024x275.png 1024w, https:\/\/openkitchen.com.br\/eventos-no-itaim-gastronomia\/wp-content\/uploads\/2025\/07\/Open-boutiquesimboloSITE-300x81.png 300w, https:\/\/openkitchen.com.br\/eventos-no-itaim-gastronomia\/wp-content\/uploads\/2025\/07\/Open-boutiquesimboloSITE-768x206.png 768w, https:\/\/openkitchen.com.br\/eventos-no-itaim-gastronomia\/wp-content\/uploads\/2025\/07\/Open-boutiquesimboloSITE-1536x412.png 1536w, https:\/\/openkitchen.com.br\/eventos-no-itaim-gastronomia\/wp-content\/uploads\/2025\/07\/Open-boutiquesimboloSITE.png 1736w\" sizes=\"(max-width: 800px) 100vw, 800px\" \/>\t\t\t\t\t\t\t\t\t\t\t\t\t\t\t<\/div>\n\t\t\t\t<\/div>\n\t\t\t\t<div class=\"elementor-element elementor-element-de77a69 elementor-widget elementor-widget-heading\" data-id=\"de77a69\" data-element_type=\"widget\" data-e-type=\"widget\" data-widget_type=\"heading.default\">\n\t\t\t\t<div class=\"elementor-widget-container\">\n\t\t\t\t\t<h2 class=\"elementor-heading-title elementor-size-default\">ONDE A CRIATIVIDADE DA OPEN KITCHEN GANHA NOVOS FORMATOS.<\/h2>\t\t\t\t<\/div>\n\t\t\t\t<\/div>\n\t\t\t\t<\/div>\n\t\t<div class=\"elementor-element elementor-element-116741f e-con-full e-flex e-con e-parent\" data-id=\"116741f\" data-element_type=\"container\" data-e-type=\"container\">\n\t\t<div class=\"elementor-element elementor-element-b856b4f e-con-full animated-fast e-flex elementor-invisible e-con e-child\" data-id=\"b856b4f\" data-element_type=\"container\" data-e-type=\"container\" data-settings=\"{&quot;animation&quot;:&quot;fadeInLeft&quot;}\">\n\t\t\t\t<div class=\"elementor-element elementor-element-e417c56 elementor--h-position-center elementor--v-position-middle elementor-arrows-position-inside elementor-pagination-position-inside elementor-widget elementor-widget-slides\" data-id=\"e417c56\" data-element_type=\"widget\" data-e-type=\"widget\" data-settings=\"{&quot;navigation&quot;:&quot;both&quot;,&quot;autoplay&quot;:&quot;yes&quot;,&quot;pause_on_hover&quot;:&quot;yes&quot;,&quot;pause_on_interaction&quot;:&quot;yes&quot;,&quot;autoplay_speed&quot;:5000,&quot;infinite&quot;:&quot;yes&quot;,&quot;transition&quot;:&quot;slide&quot;,&quot;transition_speed&quot;:500}\" data-widget_type=\"slides.default\">\n\t\t\t\t<div class=\"elementor-widget-container\">\n\t\t\t\t\t\t\t\t\t<div class=\"elementor-swiper\">\n\t\t\t\t\t<div class=\"elementor-slides-wrapper elementor-main-swiper swiper\" role=\"region\" aria-roledescription=\"carousel\" aria-label=\"Slides\" dir=\"ltr\" data-animation=\"fadeInUp\">\n\t\t\t\t<div class=\"swiper-wrapper elementor-slides\">\n\t\t\t\t\t\t\t\t\t\t<div class=\"elementor-repeater-item-466f9da swiper-slide\" role=\"group\" aria-roledescription=\"slide\"><div class=\"swiper-slide-bg\" role=\"img\" aria-label=\"IMG-20250708-WA0016\"><\/div><div class=\"swiper-slide-inner\" ><div class=\"swiper-slide-contents\"><\/div><\/div><\/div>\t\t\t\t<\/div>\n\t\t\t\t\t\t\t<\/div>\n\t\t\t\t<\/div>\n\t\t\t\t\t\t\t\t<\/div>\n\t\t\t\t<\/div>\n\t\t\t\t<\/div>\n\t\t<div class=\"elementor-element elementor-element-fd80607 e-con-full animated-fast e-flex elementor-invisible e-con e-child\" data-id=\"fd80607\" data-element_type=\"container\" data-e-type=\"container\" data-settings=\"{&quot;animation&quot;:&quot;fadeInRight&quot;}\">\n\t\t\t\t<div class=\"elementor-element elementor-element-0f59d91 elementor-widget__width-initial elementor-widget elementor-widget-heading\" data-id=\"0f59d91\" data-element_type=\"widget\" data-e-type=\"widget\" data-widget_type=\"heading.default\">\n\t\t\t\t<div class=\"elementor-widget-container\">\n\t\t\t\t\t<h2 class=\"elementor-heading-title elementor-size-default\">Spotlight Corporativo: Media Training com Lucila Pinto<\/h2>\t\t\t\t<\/div>\n\t\t\t\t<\/div>\n\t\t\t\t<div class=\"elementor-element elementor-element-d2f7b44 elementor-widget elementor-widget-text-editor\" data-id=\"d2f7b44\" data-element_type=\"widget\" data-e-type=\"widget\" data-widget_type=\"text-editor.default\">\n\t\t\t\t<div class=\"elementor-widget-container\">\n\t\t\t\t\t\t\t\t\t<p><b>Comunicar bem n\u00e3o \u00e9 apenas um diferencial, \u00e9 uma necessidade estrat\u00e9gica para empresas que desejam se destacar, conquistar autoridade e ampliar sua influ\u00eancia.<\/b> Em um mercado cada vez mais orientado por narrativas, presen\u00e7a e autenticidade, preparar sua equipe para se posicionar com clareza e confian\u00e7a \u00e9 investir em reputa\u00e7\u00e3o, lideran\u00e7a e resultados.<\/p><p><b>Pensando nisso, a Open Kitchen apresenta a vers\u00e3o corporativa do Spotlight<\/b>, uma imers\u00e3o de media training desenvolvida para grupos fechados de at\u00e9 25 participantes, liderada pela renomada especialista Lucila Pinto, uma das maiores refer\u00eancias do pa\u00eds em comunica\u00e7\u00e3o assertiva e posicionamento profissional.<\/p>\t\t\t\t\t\t\t\t<\/div>\n\t\t\t\t<\/div>\n\t\t\t\t<\/div>\n\t\t\t\t<\/div>\n\t\t<div class=\"elementor-element elementor-element-16830ee e-con-full e-flex e-con e-parent\" data-id=\"16830ee\" data-element_type=\"container\" data-e-type=\"container\">\n\t\t<div class=\"elementor-element elementor-element-9ef5307 e-con-full animated-fast e-flex elementor-invisible e-con e-child\" data-id=\"9ef5307\" data-element_type=\"container\" data-e-type=\"container\" data-settings=\"{&quot;animation&quot;:&quot;fadeInLeft&quot;}\">\n\t\t\t\t<div class=\"elementor-element elementor-element-4de7db8 elementor--h-position-center elementor--v-position-middle elementor-arrows-position-inside elementor-pagination-position-inside elementor-widget elementor-widget-slides\" data-id=\"4de7db8\" data-element_type=\"widget\" data-e-type=\"widget\" data-settings=\"{&quot;navigation&quot;:&quot;both&quot;,&quot;autoplay&quot;:&quot;yes&quot;,&quot;pause_on_hover&quot;:&quot;yes&quot;,&quot;pause_on_interaction&quot;:&quot;yes&quot;,&quot;autoplay_speed&quot;:5000,&quot;infinite&quot;:&quot;yes&quot;,&quot;transition&quot;:&quot;slide&quot;,&quot;transition_speed&quot;:500}\" data-widget_type=\"slides.default\">\n\t\t\t\t<div class=\"elementor-widget-container\">\n\t\t\t\t\t\t\t\t\t<div class=\"elementor-swiper\">\n\t\t\t\t\t<div class=\"elementor-slides-wrapper elementor-main-swiper swiper\" role=\"region\" aria-roledescription=\"carousel\" aria-label=\"Slides\" dir=\"ltr\" data-animation=\"fadeInUp\">\n\t\t\t\t<div class=\"swiper-wrapper elementor-slides\">\n\t\t\t\t\t\t\t\t\t\t<div class=\"elementor-repeater-item-466f9da swiper-slide\" role=\"group\" aria-roledescription=\"slide\"><div class=\"swiper-slide-bg elementor-ken-burns elementor-ken-burns--in\" role=\"img\" aria-label=\"IMG-20250708-WA0017\"><\/div><div class=\"swiper-slide-inner\" ><div class=\"swiper-slide-contents\"><\/div><\/div><\/div>\t\t\t\t<\/div>\n\t\t\t\t\t\t\t<\/div>\n\t\t\t\t<\/div>\n\t\t\t\t\t\t\t\t<\/div>\n\t\t\t\t<\/div>\n\t\t\t\t<\/div>\n\t\t<div class=\"elementor-element elementor-element-61c84f6 e-con-full animated-fast e-flex elementor-invisible e-con e-child\" data-id=\"61c84f6\" data-element_type=\"container\" data-e-type=\"container\" data-settings=\"{&quot;animation&quot;:&quot;fadeInRight&quot;}\">\n\t\t\t\t<div class=\"elementor-element elementor-element-8a78df4 elementor-widget elementor-widget-text-editor\" data-id=\"8a78df4\" data-element_type=\"widget\" data-e-type=\"widget\" data-widget_type=\"text-editor.default\">\n\t\t\t\t<div class=\"elementor-widget-container\">\n\t\t\t\t\t\t\t\t\t<p>Com uma abordagem pr\u00e1tica e sofisticada, o workshop de 4 horas combina conte\u00fado t\u00e9cnico, din\u00e2micas personalizadas e simula\u00e7\u00f5es reais, preparando sua equipe para enfrentar entrevistas, lives, podcasts, apresenta\u00e7\u00f5es em p\u00fablico, semin\u00e1rios e reuni\u00f5es estrat\u00e9gicas com muito mais seguran\u00e7a e impacto. A metodologia exclusiva Training Talks\u00ae, desenvolvida por Lucila, j\u00e1 formou mais de 600 porta-vozes e profissionais de empresas l\u00edderes no Brasil.<\/p><p>Tudo acontece em um ambiente que valoriza o aprendizado com conforto, eleg\u00e2ncia e inspira\u00e7\u00e3o: a Open Kitchen. Durante toda a experi\u00eancia, os participantes s\u00e3o acompanhados por um menu exclusivo de comidas e bebidas, que acompanha o ritmo da atividade, cria conex\u00e3o entre os participantes e estimula um clima de abertura e evolu\u00e7\u00e3o. Ao final, um happy hour intimista celebra os avan\u00e7os e refor\u00e7a a experi\u00eancia de forma descontra\u00edda e memor\u00e1vel.<\/p><p>O Spotlight Corporativo \u00e9 uma experi\u00eancia transformadora, que combina alta performance em comunica\u00e7\u00e3o com hospitalidade impec\u00e1vel. Um investimento direto no capital humano da sua empresa \u2014 com resultados que se refletem na imagem, no discurso e no impacto de cada colaborador.<\/p>\t\t\t\t\t\t\t\t<\/div>\n\t\t\t\t<\/div>\n\t\t\t\t<\/div>\n\t\t\t\t<\/div>\n\t\t<div class=\"elementor-element elementor-element-b5208e2 e-con-full e-flex e-con e-parent\" data-id=\"b5208e2\" data-element_type=\"container\" data-e-type=\"container\">\n\t\t<div class=\"elementor-element elementor-element-82b97ee e-con-full animated-fast e-flex elementor-invisible e-con e-child\" data-id=\"82b97ee\" data-element_type=\"container\" data-e-type=\"container\" data-settings=\"{&quot;animation&quot;:&quot;fadeInRight&quot;}\">\n\t\t\t\t<div class=\"elementor-element elementor-element-9c9ce95 elementor--v-position-bottom elementor--h-position-center elementor-arrows-position-inside elementor-pagination-position-inside elementor-widget elementor-widget-slides\" data-id=\"9c9ce95\" data-element_type=\"widget\" data-e-type=\"widget\" data-settings=\"{&quot;navigation&quot;:&quot;both&quot;,&quot;autoplay&quot;:&quot;yes&quot;,&quot;pause_on_hover&quot;:&quot;yes&quot;,&quot;pause_on_interaction&quot;:&quot;yes&quot;,&quot;autoplay_speed&quot;:5000,&quot;infinite&quot;:&quot;yes&quot;,&quot;transition&quot;:&quot;slide&quot;,&quot;transition_speed&quot;:500}\" data-widget_type=\"slides.default\">\n\t\t\t\t<div class=\"elementor-widget-container\">\n\t\t\t\t\t\t\t\t\t<div class=\"elementor-swiper\">\n\t\t\t\t\t<div class=\"elementor-slides-wrapper elementor-main-swiper swiper\" role=\"region\" aria-roledescription=\"carousel\" aria-label=\"Slides\" dir=\"ltr\" data-animation=\"fadeInUp\">\n\t\t\t\t<div class=\"swiper-wrapper elementor-slides\">\n\t\t\t\t\t\t\t\t\t\t<div class=\"elementor-repeater-item-466f9da swiper-slide\" role=\"group\" aria-roledescription=\"slide\"><div class=\"swiper-slide-bg elementor-ken-burns elementor-ken-burns--in\" role=\"img\" aria-label=\"IMG-20250708-WA0018\"><\/div><div class=\"swiper-slide-inner\" ><div class=\"swiper-slide-contents\"><\/div><\/div><\/div>\t\t\t\t<\/div>\n\t\t\t\t\t\t\t<\/div>\n\t\t\t\t<\/div>\n\t\t\t\t\t\t\t\t<\/div>\n\t\t\t\t<\/div>\n\t\t\t\t<\/div>\n\t\t<div class=\"elementor-element elementor-element-d22e9d9 e-con-full animated-fast e-flex elementor-invisible e-con e-child\" data-id=\"d22e9d9\" data-element_type=\"container\" data-e-type=\"container\" data-settings=\"{&quot;animation&quot;:&quot;fadeInRight&quot;}\">\n\t\t\t\t<div class=\"elementor-element elementor-element-714bedf elementor-widget__width-initial elementor-widget elementor-widget-heading\" data-id=\"714bedf\" data-element_type=\"widget\" data-e-type=\"widget\" data-widget_type=\"heading.default\">\n\t\t\t\t<div class=\"elementor-widget-container\">\n\t\t\t\t\t<h2 class=\"elementor-heading-title elementor-size-default\">Exclusiva. Imersiva. Estrat\u00e9gica.\n<\/h2>\t\t\t\t<\/div>\n\t\t\t\t<\/div>\n\t\t\t\t<div class=\"elementor-element elementor-element-84ecaf9 elementor-widget elementor-widget-text-editor\" data-id=\"84ecaf9\" data-element_type=\"widget\" data-e-type=\"widget\" data-widget_type=\"text-editor.default\">\n\t\t\t\t<div class=\"elementor-widget-container\">\n\t\t\t\t\t\t\t\t\t<p>Spotlight na Open Kitchen. Seja seu melhor protagonista.<\/p><p><b>Por que contratar o Spotlight para sua equipe?<\/b><br \/>Potencializa a comunica\u00e7\u00e3o dos seus talentos em apresenta\u00e7\u00f5es, entrevistas, lives, reuni\u00f5es e eventos p\u00fablicos.<\/p><p>Transforma profissionais em porta-vozes preparados, com mais clareza, confian\u00e7a e presen\u00e7a.<\/p><p>Capacita l\u00edderes e representantes para se posicionarem melhor em contextos de alta visibilidade.<\/p><p>Promove integra\u00e7\u00e3o e desenvolvimento real por meio de din\u00e2micas pr\u00e1ticas e simula\u00e7\u00f5es aplicadas ao dia a dia.<\/p><p>Entrega uma experi\u00eancia sofisticada e memor\u00e1vel, com gastronomia, hospitalidade e ambiente\u00a0inspirador.<\/p>\t\t\t\t\t\t\t\t<\/div>\n\t\t\t\t<\/div>\n\t\t\t\t<\/div>\n\t\t\t\t<\/div>\n\t\t\t\t<\/div>\n\t\t","protected":false},"excerpt":{"rendered":"<p>ONDE A CRIATIVIDADE DA OPEN KITCHEN GANHA NOVOS FORMATOS. Spotlight Corporativo: Media Training com Lucila Pinto Comunicar bem n\u00e3o \u00e9 apenas um diferencial, \u00e9 uma necessidade estrat\u00e9gica para empresas que desejam se destacar, conquistar autoridade e ampliar sua influ\u00eancia. Em um mercado cada vez mais orientado por narrativas, presen\u00e7a e autenticidade, preparar sua equipe para [&hellip;]<\/p>\n","protected":false},"author":4,"featured_media":2073,"comment_status":"closed","ping_status":"open","sticky":false,"template":"elementor_header_footer","format":"standard","meta":{"footnotes":""},"categories":[7,4],"tags":[],"class_list":["post-2069","post","type-post","status-publish","format-standard","has-post-thumbnail","hentry","category-aulas-open-kitchen","category-eventos-open-kitchen"],"jetpack_featured_media_url":"https:\/\/openkitchen.com.br\/eventos-no-itaim-gastronomia\/wp-content\/uploads\/2025\/07\/IMG-20250708-WA0016.jpg","_links":{"self":[{"href":"https:\/\/openkitchen.com.br\/eventos-no-itaim-gastronomia\/wp-json\/wp\/v2\/posts\/2069","targetHints":{"allow":["GET"]}}],"collection":[{"href":"https:\/\/openkitchen.com.br\/eventos-no-itaim-gastronomia\/wp-json\/wp\/v2\/posts"}],"about":[{"href":"https:\/\/openkitchen.com.br\/eventos-no-itaim-gastronomia\/wp-json\/wp\/v2\/types\/post"}],"author":[{"embeddable":true,"href":"https:\/\/openkitchen.com.br\/eventos-no-itaim-gastronomia\/wp-json\/wp\/v2\/users\/4"}],"replies":[{"embeddable":true,"href":"https:\/\/openkitchen.com.br\/eventos-no-itaim-gastronomia\/wp-json\/wp\/v2\/comments?post=2069"}],"version-history":[{"count":16,"href":"https:\/\/openkitchen.com.br\/eventos-no-itaim-gastronomia\/wp-json\/wp\/v2\/posts\/2069\/revisions"}],"predecessor-version":[{"id":2104,"href":"https:\/\/openkitchen.com.br\/eventos-no-itaim-gastronomia\/wp-json\/wp\/v2\/posts\/2069\/revisions\/2104"}],"wp:featuredmedia":[{"embeddable":true,"href":"https:\/\/openkitchen.com.br\/eventos-no-itaim-gastronomia\/wp-json\/wp\/v2\/media\/2073"}],"wp:attachment":[{"href":"https:\/\/openkitchen.com.br\/eventos-no-itaim-gastronomia\/wp-json\/wp\/v2\/media?parent=2069"}],"wp:term":[{"taxonomy":"category","embeddable":true,"href":"https:\/\/openkitchen.com.br\/eventos-no-itaim-gastronomia\/wp-json\/wp\/v2\/categories?post=2069"},{"taxonomy":"post_tag","embeddable":true,"href":"https:\/\/openkitchen.com.br\/eventos-no-itaim-gastronomia\/wp-json\/wp\/v2\/tags?post=2069"}],"curies":[{"name":"wp","href":"https:\/\/api.w.org\/{rel}","templated":true}]}}