{"id":2003,"date":"2025-07-08T11:41:40","date_gmt":"2025-07-08T14:41:40","guid":{"rendered":"https:\/\/openkitchen.com.br\/eventos-no-itaim-gastronomia\/?p=2003"},"modified":"2025-07-29T14:51:43","modified_gmt":"2025-07-29T17:51:43","slug":"brunch","status":"publish","type":"post","link":"https:\/\/openkitchen.com.br\/eventos-no-itaim-gastronomia\/brunch\/","title":{"rendered":"Brunch"},"content":{"rendered":"\t\t<div data-elementor-type=\"wp-post\" data-elementor-id=\"2003\" class=\"elementor elementor-2003\" data-elementor-post-type=\"post\">\n\t\t\t\t<div class=\"elementor-element elementor-element-69a440a e-con-full animated-fast e-flex elementor-invisible e-con e-parent\" data-id=\"69a440a\" data-element_type=\"container\" data-e-type=\"container\" data-settings=\"{&quot;animation&quot;:&quot;fadeInUp&quot;,&quot;background_background&quot;:&quot;classic&quot;}\">\n\t\t\t\t<div class=\"elementor-element elementor-element-2262fc2 elementor-widget__width-initial elementor-widget-tablet__width-initial elementor-widget-mobile__width-initial elementor-widget elementor-widget-image\" data-id=\"2262fc2\" data-element_type=\"widget\" data-e-type=\"widget\" data-widget_type=\"image.default\">\n\t\t\t\t<div class=\"elementor-widget-container\">\n\t\t\t\t\t\t\t\t\t\t\t\t\t\t\t<img fetchpriority=\"high\" decoding=\"async\" width=\"800\" height=\"215\" src=\"https:\/\/openkitchen.com.br\/eventos-no-itaim-gastronomia\/wp-content\/uploads\/2025\/07\/Open-boutiquesimboloSITE-1024x275.png\" class=\"attachment-large size-large wp-image-2053\" alt=\"\" srcset=\"https:\/\/openkitchen.com.br\/eventos-no-itaim-gastronomia\/wp-content\/uploads\/2025\/07\/Open-boutiquesimboloSITE-1024x275.png 1024w, https:\/\/openkitchen.com.br\/eventos-no-itaim-gastronomia\/wp-content\/uploads\/2025\/07\/Open-boutiquesimboloSITE-300x81.png 300w, https:\/\/openkitchen.com.br\/eventos-no-itaim-gastronomia\/wp-content\/uploads\/2025\/07\/Open-boutiquesimboloSITE-768x206.png 768w, https:\/\/openkitchen.com.br\/eventos-no-itaim-gastronomia\/wp-content\/uploads\/2025\/07\/Open-boutiquesimboloSITE-1536x412.png 1536w, https:\/\/openkitchen.com.br\/eventos-no-itaim-gastronomia\/wp-content\/uploads\/2025\/07\/Open-boutiquesimboloSITE.png 1736w\" sizes=\"(max-width: 800px) 100vw, 800px\" \/>\t\t\t\t\t\t\t\t\t\t\t\t\t\t\t<\/div>\n\t\t\t\t<\/div>\n\t\t\t\t<div class=\"elementor-element elementor-element-5f89726 elementor-widget elementor-widget-heading\" data-id=\"5f89726\" data-element_type=\"widget\" data-e-type=\"widget\" data-widget_type=\"heading.default\">\n\t\t\t\t<div class=\"elementor-widget-container\">\n\t\t\t\t\t<h2 class=\"elementor-heading-title elementor-size-default\">ONDE A CRIATIVIDADE DA OPEN KITCHEN GANHA NOVOS FORMATOS.<\/h2>\t\t\t\t<\/div>\n\t\t\t\t<\/div>\n\t\t\t\t<\/div>\n\t\t<div class=\"elementor-element elementor-element-c1b3494 e-con-full e-flex e-con e-parent\" data-id=\"c1b3494\" data-element_type=\"container\" data-e-type=\"container\">\n\t\t<div class=\"elementor-element elementor-element-24339cb e-con-full animated-fast e-flex elementor-invisible e-con e-child\" data-id=\"24339cb\" data-element_type=\"container\" data-e-type=\"container\" data-settings=\"{&quot;animation&quot;:&quot;fadeInLeft&quot;}\">\n\t\t\t\t<div class=\"elementor-element elementor-element-8d8ec8d elementor-widget elementor-widget-video\" data-id=\"8d8ec8d\" data-element_type=\"widget\" data-e-type=\"widget\" data-settings=\"{&quot;video_type&quot;:&quot;hosted&quot;,&quot;controls&quot;:&quot;yes&quot;}\" data-widget_type=\"video.default\">\n\t\t\t\t<div class=\"elementor-widget-container\">\n\t\t\t\t\t\t\t<div class=\"e-hosted-video elementor-wrapper elementor-open-inline\">\n\t\t\t\t\t<video class=\"elementor-video\" src=\"https:\/\/openkitchen.com.br\/eventos-no-itaim-gastronomia\/wp-content\/uploads\/2025\/07\/Do-final-da-manha-ao-inicio-da-tarde-nosso-brunch-passa-por-matinais-como-ovos-bacon-e-panquec.mp4\" controls=\"\" preload=\"metadata\" controlsList=\"nodownload\" poster=\"https:\/\/openkitchen.com.br\/eventos-no-itaim-gastronomia\/wp-content\/uploads\/2025\/07\/IMG-20250708-WA0011.jpg\"><\/video>\n\t\t\t\t<\/div>\n\t\t\t\t\t\t<\/div>\n\t\t\t\t<\/div>\n\t\t\t\t<\/div>\n\t\t<div class=\"elementor-element elementor-element-eeaad28 e-con-full animated-fast e-flex elementor-invisible e-con e-child\" data-id=\"eeaad28\" data-element_type=\"container\" data-e-type=\"container\" data-settings=\"{&quot;animation&quot;:&quot;fadeInRight&quot;}\">\n\t\t\t\t<div class=\"elementor-element elementor-element-edd164f elementor-widget elementor-widget-heading\" data-id=\"edd164f\" data-element_type=\"widget\" data-e-type=\"widget\" data-widget_type=\"heading.default\">\n\t\t\t\t<div class=\"elementor-widget-container\">\n\t\t\t\t\t<h2 class=\"elementor-heading-title elementor-size-default\">Brunch: um s\u00e1bado de anivers\u00e1rio\n<\/h2>\t\t\t\t<\/div>\n\t\t\t\t<\/div>\n\t\t\t\t<div class=\"elementor-element elementor-element-68aa3b8 elementor-widget elementor-widget-text-editor\" data-id=\"68aa3b8\" data-element_type=\"widget\" data-e-type=\"widget\" data-widget_type=\"text-editor.default\">\n\t\t\t\t<div class=\"elementor-widget-container\">\n\t\t\t\t\t\t\t\t\t<p>Celebrar o anivers\u00e1rio em um s\u00e1bado, rodeado de amigos e fam\u00edlia, \u00e9 daquelas experi\u00eancias que ficam para sempre na mem\u00f3ria. Na Open Kitchen, oferecemos um cen\u00e1rio perfeito para isso: um espa\u00e7o de eventos premium com a cozinha mais intimista de S\u00e3o Paulo, onde cada detalhe foi pensado para acolher com charme, sabor e hospitalidade verdadeira.<\/p>\t\t\t\t\t\t\t\t<\/div>\n\t\t\t\t<\/div>\n\t\t\t\t<\/div>\n\t\t\t\t<\/div>\n\t\t<div class=\"elementor-element elementor-element-29fb66a e-con-full e-flex e-con e-parent\" data-id=\"29fb66a\" data-element_type=\"container\" data-e-type=\"container\">\n\t\t<div class=\"elementor-element elementor-element-49a2f0e e-con-full animated-fast e-flex elementor-invisible e-con e-child\" data-id=\"49a2f0e\" data-element_type=\"container\" data-e-type=\"container\" data-settings=\"{&quot;animation&quot;:&quot;fadeInLeft&quot;}\">\n\t\t\t\t<div class=\"elementor-element elementor-element-6979f81 elementor--h-position-center elementor--v-position-middle elementor-arrows-position-inside elementor-pagination-position-inside elementor-widget elementor-widget-slides\" data-id=\"6979f81\" data-element_type=\"widget\" data-e-type=\"widget\" data-settings=\"{&quot;navigation&quot;:&quot;both&quot;,&quot;autoplay&quot;:&quot;yes&quot;,&quot;pause_on_hover&quot;:&quot;yes&quot;,&quot;pause_on_interaction&quot;:&quot;yes&quot;,&quot;autoplay_speed&quot;:5000,&quot;infinite&quot;:&quot;yes&quot;,&quot;transition&quot;:&quot;slide&quot;,&quot;transition_speed&quot;:500}\" data-widget_type=\"slides.default\">\n\t\t\t\t<div class=\"elementor-widget-container\">\n\t\t\t\t\t\t\t\t\t<div class=\"elementor-swiper\">\n\t\t\t\t\t<div class=\"elementor-slides-wrapper elementor-main-swiper swiper\" role=\"region\" aria-roledescription=\"carousel\" aria-label=\"Slides\" dir=\"ltr\" data-animation=\"fadeInUp\">\n\t\t\t\t<div class=\"swiper-wrapper elementor-slides\">\n\t\t\t\t\t\t\t\t\t\t<div class=\"elementor-repeater-item-466f9da swiper-slide\" role=\"group\" aria-roledescription=\"slide\"><div class=\"swiper-slide-bg elementor-ken-burns elementor-ken-burns--in\" role=\"img\" aria-label=\"IMG-20250708-WA0009\"><\/div><div class=\"swiper-slide-inner\" ><div class=\"swiper-slide-contents\"><\/div><\/div><\/div>\t\t\t\t<\/div>\n\t\t\t\t\t\t\t<\/div>\n\t\t\t\t<\/div>\n\t\t\t\t\t\t\t\t<\/div>\n\t\t\t\t<\/div>\n\t\t\t\t<\/div>\n\t\t<div class=\"elementor-element elementor-element-5fbfb6f e-con-full animated-fast e-flex elementor-invisible e-con e-child\" data-id=\"5fbfb6f\" data-element_type=\"container\" data-e-type=\"container\" data-settings=\"{&quot;animation&quot;:&quot;fadeInRight&quot;}\">\n\t\t\t\t<div class=\"elementor-element elementor-element-9361354 elementor-widget elementor-widget-text-editor\" data-id=\"9361354\" data-element_type=\"widget\" data-e-type=\"widget\" data-widget_type=\"text-editor.default\">\n\t\t\t\t<div class=\"elementor-widget-container\">\n\t\t\t\t\t\t\t\t\t<p><b>Nosso brunch especial de s\u00e1bado \u00e9 mais do que uma refei\u00e7\u00e3o, \u00e9 um convite ao conv\u00edvio descontra\u00eddo e elegante.\u00a0<\/b><span style=\"font-size: 1rem;\">Do final da manh\u00e3 ao in\u00edcio da tarde, servimos um menu que come\u00e7a com cl\u00e1ssicos matinais como ovos cremosos, bacon crocante e panquecas artesanais, e evolui com bowls e finger foods surpreendentes, como nosso gnocchi artesanal com molho de costela de porco e farofinha c\u00edtrica. <br \/><b>Tudo isso em ritmo leve, servido em etapas, para que a celebra\u00e7\u00e3o flua naturalmente.<\/b><\/span><\/p><p>Al\u00e9m do card\u00e1pio completo, contamos com coquetelaria de primeira, sob o comando de um bartender profissional, e uma sele\u00e7\u00e3o de doces especiais que encerram o encontro com o toque de festa que todo anivers\u00e1rio merece. O clima \u00e9 de casa cheia e bem recebida, com sofistica\u00e7\u00e3o na medida e um servi\u00e7o que cuida de tudo para que voc\u00ea s\u00f3 se preocupe em brindar.<\/p>\t\t\t\t\t\t\t\t<\/div>\n\t\t\t\t<\/div>\n\t\t\t\t<\/div>\n\t\t\t\t<\/div>\n\t\t<div class=\"elementor-element elementor-element-e63a5d5 e-con-full e-flex e-con e-parent\" data-id=\"e63a5d5\" data-element_type=\"container\" data-e-type=\"container\">\n\t\t<div class=\"elementor-element elementor-element-85d7d6d e-con-full animated-fast e-flex elementor-invisible e-con e-child\" data-id=\"85d7d6d\" data-element_type=\"container\" data-e-type=\"container\" data-settings=\"{&quot;animation&quot;:&quot;fadeInRight&quot;}\">\n\t\t\t\t<div class=\"elementor-element elementor-element-7bc9003 elementor--v-position-bottom elementor--h-position-center elementor-arrows-position-inside elementor-pagination-position-inside elementor-widget elementor-widget-slides\" data-id=\"7bc9003\" data-element_type=\"widget\" data-e-type=\"widget\" data-settings=\"{&quot;navigation&quot;:&quot;both&quot;,&quot;autoplay&quot;:&quot;yes&quot;,&quot;pause_on_hover&quot;:&quot;yes&quot;,&quot;pause_on_interaction&quot;:&quot;yes&quot;,&quot;autoplay_speed&quot;:5000,&quot;infinite&quot;:&quot;yes&quot;,&quot;transition&quot;:&quot;slide&quot;,&quot;transition_speed&quot;:500}\" data-widget_type=\"slides.default\">\n\t\t\t\t<div class=\"elementor-widget-container\">\n\t\t\t\t\t\t\t\t\t<div class=\"elementor-swiper\">\n\t\t\t\t\t<div class=\"elementor-slides-wrapper elementor-main-swiper swiper\" role=\"region\" aria-roledescription=\"carousel\" aria-label=\"Slides\" dir=\"ltr\" data-animation=\"fadeInUp\">\n\t\t\t\t<div class=\"swiper-wrapper elementor-slides\">\n\t\t\t\t\t\t\t\t\t\t<div class=\"elementor-repeater-item-466f9da swiper-slide\" role=\"group\" aria-roledescription=\"slide\"><div class=\"swiper-slide-bg elementor-ken-burns elementor-ken-burns--in\" role=\"img\" aria-label=\"IMG-20250708-WA0010\"><\/div><div class=\"swiper-slide-inner\" ><div class=\"swiper-slide-contents\"><\/div><\/div><\/div>\t\t\t\t<\/div>\n\t\t\t\t\t\t\t<\/div>\n\t\t\t\t<\/div>\n\t\t\t\t\t\t\t\t<\/div>\n\t\t\t\t<\/div>\n\t\t\t\t<\/div>\n\t\t<div class=\"elementor-element elementor-element-1f2513c e-con-full animated-fast e-flex elementor-invisible e-con e-child\" data-id=\"1f2513c\" data-element_type=\"container\" data-e-type=\"container\" data-settings=\"{&quot;animation&quot;:&quot;fadeInRight&quot;}\">\n\t\t\t\t<div class=\"elementor-element elementor-element-cfb8635 elementor-widget elementor-widget-text-editor\" data-id=\"cfb8635\" data-element_type=\"widget\" data-e-type=\"widget\" data-widget_type=\"text-editor.default\">\n\t\t\t\t<div class=\"elementor-widget-container\">\n\t\t\t\t\t\t\t\t\t<p>Nossa casa, totalmente decorada, oferece diferentes possibilidades para o seu evento, desde o sal\u00e3o com cozinha aberta, onde tudo acontece ao vivo, at\u00e9 nosso p\u00e1tio coberto, ideal para receber os convidados com conforto e charme em qualquer \u00e9poca do ano. Tudo isso em uma localiza\u00e7\u00e3o privilegiada no cora\u00e7\u00e3o do Itaim.<\/p><p><b>Se voc\u00ea procura uma forma original, leve e cheia de sabor para comemorar o seu pr\u00f3ximo anivers\u00e1rio, o brunch de s\u00e1bado da Open Kitchen \u00e9 a escolha certa. Fale com a nossa equipe, conhe\u00e7a as op\u00e7\u00f5es de personaliza\u00e7\u00e3o e prepare-se para um s\u00e1bado\u00a0inesquec\u00edvel.<\/b><\/p>\t\t\t\t\t\t\t\t<\/div>\n\t\t\t\t<\/div>\n\t\t\t\t<\/div>\n\t\t\t\t<\/div>\n\t\t\t\t<\/div>\n\t\t","protected":false},"excerpt":{"rendered":"<p>ONDE A CRIATIVIDADE DA OPEN KITCHEN GANHA NOVOS FORMATOS. https:\/\/openkitchen.com.br\/eventos-no-itaim-gastronomia\/wp-content\/uploads\/2025\/07\/Do-final-da-manha-ao-inicio-da-tarde-nosso-brunch-passa-por-matinais-como-ovos-bacon-e-panquec.mp4 Brunch: um s\u00e1bado de anivers\u00e1rio Celebrar o anivers\u00e1rio em um s\u00e1bado, rodeado de amigos e fam\u00edlia, \u00e9 daquelas experi\u00eancias que ficam para sempre na mem\u00f3ria. Na Open Kitchen, oferecemos um cen\u00e1rio perfeito para isso: um espa\u00e7o de eventos premium com a cozinha mais intimista de [&hellip;]<\/p>\n","protected":false},"author":4,"featured_media":2054,"comment_status":"closed","ping_status":"open","sticky":false,"template":"elementor_header_footer","format":"standard","meta":{"footnotes":""},"categories":[4],"tags":[117,116,118],"class_list":["post-2003","post","type-post","status-publish","format-standard","has-post-thumbnail","hentry","category-eventos-open-kitchen","tag-brunch","tag-brunch-open-kitchen","tag-brunck-aos-sabados"],"jetpack_featured_media_url":"https:\/\/openkitchen.com.br\/eventos-no-itaim-gastronomia\/wp-content\/uploads\/2025\/07\/brunch-testeira.jpg","_links":{"self":[{"href":"https:\/\/openkitchen.com.br\/eventos-no-itaim-gastronomia\/wp-json\/wp\/v2\/posts\/2003","targetHints":{"allow":["GET"]}}],"collection":[{"href":"https:\/\/openkitchen.com.br\/eventos-no-itaim-gastronomia\/wp-json\/wp\/v2\/posts"}],"about":[{"href":"https:\/\/openkitchen.com.br\/eventos-no-itaim-gastronomia\/wp-json\/wp\/v2\/types\/post"}],"author":[{"embeddable":true,"href":"https:\/\/openkitchen.com.br\/eventos-no-itaim-gastronomia\/wp-json\/wp\/v2\/users\/4"}],"replies":[{"embeddable":true,"href":"https:\/\/openkitchen.com.br\/eventos-no-itaim-gastronomia\/wp-json\/wp\/v2\/comments?post=2003"}],"version-history":[{"count":18,"href":"https:\/\/openkitchen.com.br\/eventos-no-itaim-gastronomia\/wp-json\/wp\/v2\/posts\/2003\/revisions"}],"predecessor-version":[{"id":2093,"href":"https:\/\/openkitchen.com.br\/eventos-no-itaim-gastronomia\/wp-json\/wp\/v2\/posts\/2003\/revisions\/2093"}],"wp:featuredmedia":[{"embeddable":true,"href":"https:\/\/openkitchen.com.br\/eventos-no-itaim-gastronomia\/wp-json\/wp\/v2\/media\/2054"}],"wp:attachment":[{"href":"https:\/\/openkitchen.com.br\/eventos-no-itaim-gastronomia\/wp-json\/wp\/v2\/media?parent=2003"}],"wp:term":[{"taxonomy":"category","embeddable":true,"href":"https:\/\/openkitchen.com.br\/eventos-no-itaim-gastronomia\/wp-json\/wp\/v2\/categories?post=2003"},{"taxonomy":"post_tag","embeddable":true,"href":"https:\/\/openkitchen.com.br\/eventos-no-itaim-gastronomia\/wp-json\/wp\/v2\/tags?post=2003"}],"curies":[{"name":"wp","href":"https:\/\/api.w.org\/{rel}","templated":true}]}}