{"id":164,"date":"2016-04-19T18:20:28","date_gmt":"2016-04-19T18:20:28","guid":{"rendered":"https:\/\/openkitchen.com.br\/eventos-no-itaim-gastronomia\/?p=164"},"modified":"2025-07-10T14:38:25","modified_gmt":"2025-07-10T17:38:25","slug":"cozinha-intimista-no-itaim","status":"publish","type":"post","link":"https:\/\/openkitchen.com.br\/eventos-no-itaim-gastronomia\/cozinha-intimista-no-itaim\/","title":{"rendered":"Cozinha Intimista &#8211; todos querem morar na nossa casa&#8230;"},"content":{"rendered":"\t\t<div data-elementor-type=\"wp-post\" data-elementor-id=\"164\" class=\"elementor elementor-164\" data-elementor-post-type=\"post\">\n\t\t\t\t<div class=\"elementor-element elementor-element-a4341b3 e-con-full animated-fast e-flex elementor-invisible e-con e-parent\" data-id=\"a4341b3\" data-element_type=\"container\" data-e-type=\"container\" data-settings=\"{&quot;animation&quot;:&quot;fadeInUp&quot;,&quot;background_background&quot;:&quot;classic&quot;}\">\n\t\t\t\t<div class=\"elementor-element elementor-element-b6ad1f7 elementor-widget elementor-widget-theme-post-title elementor-page-title elementor-widget-heading\" data-id=\"b6ad1f7\" data-element_type=\"widget\" data-e-type=\"widget\" data-widget_type=\"theme-post-title.default\">\n\t\t\t\t<div class=\"elementor-widget-container\">\n\t\t\t\t\t<h1 class=\"elementor-heading-title elementor-size-default\">Cozinha Intimista &#8211; todos querem morar na nossa casa&#8230;<\/h1>\t\t\t\t<\/div>\n\t\t\t\t<\/div>\n\t\t\t\t<\/div>\n\t\t<div class=\"elementor-element elementor-element-51b07fd e-con-full e-flex e-con e-parent\" data-id=\"51b07fd\" data-element_type=\"container\" data-e-type=\"container\">\n\t\t<div class=\"elementor-element elementor-element-dd33bcc e-con-full animated-fast e-flex elementor-invisible e-con e-child\" data-id=\"dd33bcc\" data-element_type=\"container\" data-e-type=\"container\" data-settings=\"{&quot;animation&quot;:&quot;fadeInLeft&quot;}\">\n\t\t\t\t<div class=\"elementor-element elementor-element-b026116 elementor-widget elementor-widget-video\" data-id=\"b026116\" data-element_type=\"widget\" data-e-type=\"widget\" data-settings=\"{&quot;youtube_url&quot;:&quot;https:\\\/\\\/youtu.be\\\/L8PvwBab7Kc&quot;,&quot;video_type&quot;:&quot;youtube&quot;,&quot;controls&quot;:&quot;yes&quot;}\" data-widget_type=\"video.default\">\n\t\t\t\t<div class=\"elementor-widget-container\">\n\t\t\t\t\t\t\t<div class=\"elementor-wrapper elementor-open-inline\">\n\t\t\t<div class=\"elementor-video\"><\/div>\t\t<\/div>\n\t\t\t\t\t\t<\/div>\n\t\t\t\t<\/div>\n\t\t\t\t<\/div>\n\t\t<div class=\"elementor-element elementor-element-714b254 e-con-full animated-fast e-flex elementor-invisible e-con e-child\" data-id=\"714b254\" data-element_type=\"container\" data-e-type=\"container\" data-settings=\"{&quot;animation&quot;:&quot;fadeInRight&quot;}\">\n\t\t\t\t<div class=\"elementor-element elementor-element-07c444f elementor-widget elementor-widget-text-editor\" data-id=\"07c444f\" data-element_type=\"widget\" data-e-type=\"widget\" data-widget_type=\"text-editor.default\">\n\t\t\t\t<div class=\"elementor-widget-container\">\n\t\t\t\t\t\t\t\t\t<h2>A cozinha intimista de SP &#8211; &#8220;Eu Moraria Aqui&#8221; na Open Kitchen.<\/h2><p>\u201cEu moraria\u201d aqui \u00e9 uma frase que ouvimos com uma certa freq\u00fc\u00eancia de\u00a0clientes, fornecedores, Chefs e<br \/>amigos &#8211; cozinha intimista. Isso nos enche de alegria pois \u00e9\u00a0exatamente este esp\u00edrito que queremos passar para os nossos convidados.<\/p>\t\t\t\t\t\t\t\t<\/div>\n\t\t\t\t<\/div>\n\t\t\t\t<\/div>\n\t\t\t\t<\/div>\n\t\t<div class=\"elementor-element elementor-element-c87dd5e e-con-full e-flex e-con e-parent\" data-id=\"c87dd5e\" data-element_type=\"container\" data-e-type=\"container\">\n\t\t<div class=\"elementor-element elementor-element-7560710 e-con-full animated-fast e-flex elementor-invisible e-con e-child\" data-id=\"7560710\" data-element_type=\"container\" data-e-type=\"container\" data-settings=\"{&quot;animation&quot;:&quot;fadeInLeft&quot;}\">\n\t\t\t\t<div class=\"elementor-element elementor-element-4505bbf elementor--h-position-center elementor--v-position-middle elementor-arrows-position-inside elementor-pagination-position-inside elementor-widget elementor-widget-slides\" data-id=\"4505bbf\" data-element_type=\"widget\" data-e-type=\"widget\" data-settings=\"{&quot;navigation&quot;:&quot;both&quot;,&quot;autoplay&quot;:&quot;yes&quot;,&quot;pause_on_hover&quot;:&quot;yes&quot;,&quot;pause_on_interaction&quot;:&quot;yes&quot;,&quot;autoplay_speed&quot;:5000,&quot;infinite&quot;:&quot;yes&quot;,&quot;transition&quot;:&quot;slide&quot;,&quot;transition_speed&quot;:500}\" data-widget_type=\"slides.default\">\n\t\t\t\t<div class=\"elementor-widget-container\">\n\t\t\t\t\t\t\t\t\t<div class=\"elementor-swiper\">\n\t\t\t\t\t<div class=\"elementor-slides-wrapper elementor-main-swiper swiper\" role=\"region\" aria-roledescription=\"carousel\" aria-label=\"Slides\" dir=\"ltr\" data-animation=\"fadeInUp\">\n\t\t\t\t<div class=\"swiper-wrapper elementor-slides\">\n\t\t\t\t\t\t\t\t\t\t<div class=\"elementor-repeater-item-466f9da swiper-slide\" role=\"group\" aria-roledescription=\"slide\"><div class=\"swiper-slide-bg elementor-ken-burns elementor-ken-burns--in\" role=\"img\" aria-label=\"Espa\u00e7o para Eventos Open Kitchen, cozinha integrada, ampla e descolada. Eventos no Itaim. Espa\u00e7o para Eventos Gastron\u00f4micos no Itaim\"><\/div><div class=\"swiper-slide-inner\" ><div class=\"swiper-slide-contents\"><\/div><\/div><\/div>\t\t\t\t<\/div>\n\t\t\t\t\t\t\t<\/div>\n\t\t\t\t<\/div>\n\t\t\t\t\t\t\t\t<\/div>\n\t\t\t\t<\/div>\n\t\t\t\t<\/div>\n\t\t<div class=\"elementor-element elementor-element-2ef1ce3 e-con-full animated-fast e-flex elementor-invisible e-con e-child\" data-id=\"2ef1ce3\" data-element_type=\"container\" data-e-type=\"container\" data-settings=\"{&quot;animation&quot;:&quot;fadeInRight&quot;}\">\n\t\t\t\t<div class=\"elementor-element elementor-element-b0be2bb elementor-widget elementor-widget-text-editor\" data-id=\"b0be2bb\" data-element_type=\"widget\" data-e-type=\"widget\" data-widget_type=\"text-editor.default\">\n\t\t\t\t<div class=\"elementor-widget-container\">\n\t\t\t\t\t\t\t\t\t<p>Todos\u00a0os m\u00f3veis, utens\u00edlios e pe\u00e7as de decora\u00e7\u00e3o foram escolhidos um a um para que\u00a0voc\u00ea e seus convidados possam ter uma experi\u00eancia \u00fanica.\u00a0N\u00e3o importa se voc\u00ea receber\u00e1 05 ou 40 convidados, o espa\u00e7o com cozinha intimista sempre\u00a0deixar\u00e1 todos \u00e0 vontade, geralmente ningu\u00e9m vai quer ser o primeiro a ir\u00a0embora do evento.<\/p>\t\t\t\t\t\t\t\t<\/div>\n\t\t\t\t<\/div>\n\t\t\t\t<\/div>\n\t\t\t\t<\/div>\n\t\t<div class=\"elementor-element elementor-element-05c1e2e e-con-full e-flex e-con e-parent\" data-id=\"05c1e2e\" data-element_type=\"container\" data-e-type=\"container\">\n\t\t<div class=\"elementor-element elementor-element-44248a1 e-con-full animated-fast e-flex elementor-invisible e-con e-child\" data-id=\"44248a1\" data-element_type=\"container\" data-e-type=\"container\" data-settings=\"{&quot;animation&quot;:&quot;fadeInRight&quot;}\">\n\t\t\t\t<div class=\"elementor-element elementor-element-e2b8e40 elementor--h-position-center elementor--v-position-middle elementor-arrows-position-inside elementor-pagination-position-inside elementor-widget elementor-widget-slides\" data-id=\"e2b8e40\" data-element_type=\"widget\" data-e-type=\"widget\" data-settings=\"{&quot;navigation&quot;:&quot;both&quot;,&quot;autoplay&quot;:&quot;yes&quot;,&quot;pause_on_hover&quot;:&quot;yes&quot;,&quot;pause_on_interaction&quot;:&quot;yes&quot;,&quot;autoplay_speed&quot;:5000,&quot;infinite&quot;:&quot;yes&quot;,&quot;transition&quot;:&quot;slide&quot;,&quot;transition_speed&quot;:500}\" data-widget_type=\"slides.default\">\n\t\t\t\t<div class=\"elementor-widget-container\">\n\t\t\t\t\t\t\t\t\t<div class=\"elementor-swiper\">\n\t\t\t\t\t<div class=\"elementor-slides-wrapper elementor-main-swiper swiper\" role=\"region\" aria-roledescription=\"carousel\" aria-label=\"Slides\" dir=\"ltr\" data-animation=\"fadeInUp\">\n\t\t\t\t<div class=\"swiper-wrapper elementor-slides\">\n\t\t\t\t\t\t\t\t\t\t<div class=\"elementor-repeater-item-466f9da swiper-slide\" role=\"group\" aria-roledescription=\"slide\"><div class=\"swiper-slide-bg elementor-ken-burns elementor-ken-burns--in\" role=\"img\" aria-label=\"Espa\u00e7o para Eventos Open Kitchen, cozinha integrada, ampla e descolada. Eventos no Itaim. Espa\u00e7o para Eventos Gastron\u00f4micos no Itaim\"><\/div><div class=\"swiper-slide-inner\" ><div class=\"swiper-slide-contents\"><\/div><\/div><\/div>\t\t\t\t<\/div>\n\t\t\t\t\t\t\t<\/div>\n\t\t\t\t<\/div>\n\t\t\t\t\t\t\t\t<\/div>\n\t\t\t\t<\/div>\n\t\t\t\t<\/div>\n\t\t<div class=\"elementor-element elementor-element-20b803d e-con-full animated-fast e-flex elementor-invisible e-con e-child\" data-id=\"20b803d\" data-element_type=\"container\" data-e-type=\"container\" data-settings=\"{&quot;animation&quot;:&quot;fadeInRight&quot;}\">\n\t\t\t\t<div class=\"elementor-element elementor-element-35f8c53 elementor-widget elementor-widget-text-editor\" data-id=\"35f8c53\" data-element_type=\"widget\" data-e-type=\"widget\" data-widget_type=\"text-editor.default\">\n\t\t\t\t<div class=\"elementor-widget-container\">\n\t\t\t\t\t\t\t\t\t<p>Na nossa casa, voc\u00ea pode dar o seu toque pessoal acrescentando itens que\u00a0transmitam um pouco mais da sua personalidade, das suas prefer\u00eancias. Uma parede de 13 metros de extens\u00e3o, com acabamento em concreto\u00a0que vai de fora a fora\u00a0em\u00a0nosso sal\u00e3o, conta com um trilho embutido para que voc\u00ea possa pendurar fotos, pain\u00e9is ou quadros\u00a0da forma como a sua imagina\u00e7\u00e3o mandar.\u00a0Existem ainda diversas prateleiras e mesas (inclusive na \u00e1rea externa) que tamb\u00e9m podem ser livremente utilizadas, embora j\u00e1\u00a0estejam decoradas, tudo pode ser alterado.<\/p>\t\t\t\t\t\t\t\t<\/div>\n\t\t\t\t<\/div>\n\t\t\t\t<\/div>\n\t\t\t\t<\/div>\n\t\t<div class=\"elementor-element elementor-element-5df95d6 e-con-full e-flex e-con e-parent\" data-id=\"5df95d6\" data-element_type=\"container\" data-e-type=\"container\">\n\t\t<div class=\"elementor-element elementor-element-b96a496 e-con-full animated-fast e-flex elementor-invisible e-con e-child\" data-id=\"b96a496\" data-element_type=\"container\" data-e-type=\"container\" data-settings=\"{&quot;animation&quot;:&quot;fadeInLeft&quot;}\">\n\t\t\t\t<div class=\"elementor-element elementor-element-a7d3a1c elementor--v-position-bottom elementor--h-position-center elementor-arrows-position-inside elementor-pagination-position-inside elementor-widget elementor-widget-slides\" data-id=\"a7d3a1c\" data-element_type=\"widget\" data-e-type=\"widget\" data-settings=\"{&quot;navigation&quot;:&quot;both&quot;,&quot;autoplay&quot;:&quot;yes&quot;,&quot;pause_on_hover&quot;:&quot;yes&quot;,&quot;pause_on_interaction&quot;:&quot;yes&quot;,&quot;autoplay_speed&quot;:5000,&quot;infinite&quot;:&quot;yes&quot;,&quot;transition&quot;:&quot;slide&quot;,&quot;transition_speed&quot;:500}\" data-widget_type=\"slides.default\">\n\t\t\t\t<div class=\"elementor-widget-container\">\n\t\t\t\t\t\t\t\t\t<div class=\"elementor-swiper\">\n\t\t\t\t\t<div class=\"elementor-slides-wrapper elementor-main-swiper swiper\" role=\"region\" aria-roledescription=\"carousel\" aria-label=\"Slides\" dir=\"ltr\" data-animation=\"fadeInUp\">\n\t\t\t\t<div class=\"swiper-wrapper elementor-slides\">\n\t\t\t\t\t\t\t\t\t\t<div class=\"elementor-repeater-item-466f9da swiper-slide\" role=\"group\" aria-roledescription=\"slide\"><div class=\"swiper-slide-bg elementor-ken-burns elementor-ken-burns--in\" role=\"img\" aria-label=\"Espa\u00e7o para Eventos Open Kitchen, cozinha integrada, ampla e descolada. Eventos no Itaim. Espa\u00e7o para Eventos Gastron\u00f4micos no Itaim\"><\/div><div class=\"swiper-slide-inner\" ><div class=\"swiper-slide-contents\"><\/div><\/div><\/div>\t\t\t\t<\/div>\n\t\t\t\t\t\t\t<\/div>\n\t\t\t\t<\/div>\n\t\t\t\t\t\t\t\t<\/div>\n\t\t\t\t<\/div>\n\t\t\t\t<\/div>\n\t\t<div class=\"elementor-element elementor-element-10d0829 e-con-full animated-fast e-flex elementor-invisible e-con e-child\" data-id=\"10d0829\" data-element_type=\"container\" data-e-type=\"container\" data-settings=\"{&quot;animation&quot;:&quot;fadeInRight&quot;}\">\n\t\t\t\t<div class=\"elementor-element elementor-element-67d6e52 elementor-widget elementor-widget-text-editor\" data-id=\"67d6e52\" data-element_type=\"widget\" data-e-type=\"widget\" data-widget_type=\"text-editor.default\">\n\t\t\t\t<div class=\"elementor-widget-container\">\n\t\t\t\t\t\t\t\t\t<p>A versatilidade \u00e9 uma das virtudes do nosso espa\u00e7o. Se sua paix\u00e3o \u00e9 cozinhar,\u00a0voc\u00ea poder\u00e1 utilizar pessoalmente a cozinha gourmet e a cozinha de\u00a0apoio. Se voc\u00ea prefere comer bem a ficar nas panelas, chame os amigos\u00a0que gostam de se arriscar no fog\u00e3o. Se preferir, contrate um Chef profissional ou\u00a0um Buffet. Eles encontrar\u00e3o toda a infra-estrutura necess\u00e1ria para realizar um\u00a0evento de primeira. A Open Kitchen tem todos os servi\u00e7os para a realiza\u00e7\u00e3o do seu evento, fique \u00e0 vontade para pedir nossas sugest\u00f5es, produzimos a sua experi\u00eancia completa do in\u00edcio ao fim.<\/p>\t\t\t\t\t\t\t\t<\/div>\n\t\t\t\t<\/div>\n\t\t\t\t<\/div>\n\t\t\t\t<\/div>\n\t\t<div class=\"elementor-element elementor-element-492150b e-flex e-con-boxed e-con e-parent\" data-id=\"492150b\" data-element_type=\"container\" data-e-type=\"container\">\n\t\t\t\t\t<div class=\"e-con-inner\">\n\t\t\t\t<div class=\"elementor-element elementor-element-c2e464e elementor-widget elementor-widget-text-editor\" data-id=\"c2e464e\" data-element_type=\"widget\" data-e-type=\"widget\" data-widget_type=\"text-editor.default\">\n\t\t\t\t<div class=\"elementor-widget-container\">\n\t\t\t\t\t\t\t\t\t<p>Quanto ao bar, a nossa sugest\u00e3o \u00e9 coloc\u00e1-lo na nossa \u00e1rea externa. Assim, logo que\u00a0\u00a0seus convidados\u00a0entrarem na casa, poder\u00e3o\u00a0ser recepcionados com um brinde de boas vindas. Do estilo mais informal ao modelo mais cl\u00e1ssico, voc\u00ea pode deixar que se\u00a0sirvam, servi-los pessoalmente ou contratar um barman para caprichar nos\u00a0drinks.<\/p><p>Temos dois refrigeradores grandes, um freezer horizontal e uma adega para 40\u00a0garrafas. Bebida na temperatura ideal \u00e9 um dos segredos\u00a0para um evento de sucesso.<\/p><p>Para completar o clima, voc\u00ea pode trazer a sua playlist preferida e utilizar o\u00a0nosso som ambiente.\u00a0Uma Smartv de 46\u201d, TV a cabo, Internet wi-fi, e ar-condicionado completam a\u00a0estrutura do nosso espa\u00e7o que comporta confortavelmente at\u00e9 40 convidados\u00a0sentados. Temos ainda servi\u00e7os complementares de \u00e1udio e video caso queira uma infraestrutura especial para as atividades multim\u00eddia.<\/p><p>Open Kitchen: uma maneira criativa de transformar seus eventos sociais em\u00a0encontros \u00fanicos e cheios de sabor.\u00a0 \u00a0\u00a0<\/p>\t\t\t\t\t\t\t\t<\/div>\n\t\t\t\t<\/div>\n\t\t\t\t\t<\/div>\n\t\t\t\t<\/div>\n\t\t\t\t<\/div>\n\t\t","protected":false},"excerpt":{"rendered":"<p>https:\/\/youtu.be\/L8PvwBab7Kc A cozinha intimista de SP &#8211; &#8220;Eu Moraria Aqui&#8221; na Open Kitchen. \u201cEu moraria\u201d aqui \u00e9 uma frase que ouvimos com uma certa freq\u00fc\u00eancia de\u00a0clientes, fornecedores, Chefs eamigos &#8211; cozinha intimista. Isso nos enche de alegria pois \u00e9\u00a0exatamente este esp\u00edrito que queremos passar para os nossos convidados. Todos\u00a0os m\u00f3veis, utens\u00edlios e pe\u00e7as de decora\u00e7\u00e3o [&hellip;]<\/p>\n","protected":false},"author":2,"featured_media":165,"comment_status":"closed","ping_status":"open","sticky":true,"template":"elementor_header_footer","format":"standard","meta":{"footnotes":""},"categories":[1],"tags":[],"class_list":["post-164","post","type-post","status-publish","format-standard","has-post-thumbnail","hentry","category-sem-categoria"],"jetpack_featured_media_url":"https:\/\/openkitchen.com.br\/eventos-no-itaim-gastronomia\/wp-content\/uploads\/2016\/04\/bx_Ambiente_externa_OpenKitchen.png","_links":{"self":[{"href":"https:\/\/openkitchen.com.br\/eventos-no-itaim-gastronomia\/wp-json\/wp\/v2\/posts\/164","targetHints":{"allow":["GET"]}}],"collection":[{"href":"https:\/\/openkitchen.com.br\/eventos-no-itaim-gastronomia\/wp-json\/wp\/v2\/posts"}],"about":[{"href":"https:\/\/openkitchen.com.br\/eventos-no-itaim-gastronomia\/wp-json\/wp\/v2\/types\/post"}],"author":[{"embeddable":true,"href":"https:\/\/openkitchen.com.br\/eventos-no-itaim-gastronomia\/wp-json\/wp\/v2\/users\/2"}],"replies":[{"embeddable":true,"href":"https:\/\/openkitchen.com.br\/eventos-no-itaim-gastronomia\/wp-json\/wp\/v2\/comments?post=164"}],"version-history":[{"count":34,"href":"https:\/\/openkitchen.com.br\/eventos-no-itaim-gastronomia\/wp-json\/wp\/v2\/posts\/164\/revisions"}],"predecessor-version":[{"id":2042,"href":"https:\/\/openkitchen.com.br\/eventos-no-itaim-gastronomia\/wp-json\/wp\/v2\/posts\/164\/revisions\/2042"}],"wp:featuredmedia":[{"embeddable":true,"href":"https:\/\/openkitchen.com.br\/eventos-no-itaim-gastronomia\/wp-json\/wp\/v2\/media\/165"}],"wp:attachment":[{"href":"https:\/\/openkitchen.com.br\/eventos-no-itaim-gastronomia\/wp-json\/wp\/v2\/media?parent=164"}],"wp:term":[{"taxonomy":"category","embeddable":true,"href":"https:\/\/openkitchen.com.br\/eventos-no-itaim-gastronomia\/wp-json\/wp\/v2\/categories?post=164"},{"taxonomy":"post_tag","embeddable":true,"href":"https:\/\/openkitchen.com.br\/eventos-no-itaim-gastronomia\/wp-json\/wp\/v2\/tags?post=164"}],"curies":[{"name":"wp","href":"https:\/\/api.w.org\/{rel}","templated":true}]}}